{"id":5515,"date":"2018-10-13T12:47:15","date_gmt":"2018-10-13T12:47:15","guid":{"rendered":"http:\/\/zonade3.com.ar.ar\/blog\/?p=5515"},"modified":"2018-10-13T12:47:15","modified_gmt":"2018-10-13T12:47:15","slug":"liga-argentina-central-de-ceres-mostro-en-sociedad-plantel-e-indumentaria","status":"publish","type":"post","link":"http:\/\/zonade3.com.ar\/blog\/liga-argentina-central-de-ceres-mostro-en-sociedad-plantel-e-indumentaria\/","title":{"rendered":"Liga Argentina: Central de Ceres mostr\u00f3 en sociedad plantel e indumentaria"},"content":{"rendered":"<p>El Club Central Argentino Ol\u00edmpico de Ceres present\u00f3 la plantilla oficial para el certamen 2018-2019 de la Liga Argentina de Basquetbol. Con una gran cena de camarader\u00eda los simpatizantes pudieron conocer de manera oficial los refuerzos para la temporada y la nueva indumentaria de la marca All Net.<br \/>\nEl encuentro cont\u00f3 entre los oradores al presidente del club Andres Bernabeu, el Concejal Nicolas Maza en representaci\u00f3n del Senador Felipe Michlig, y del Presidente del Concejo Juan Manuel Mansilla, quienes saludaron a los presentes en nombre del legislador y del municipio.<br \/>\nEl Intendente Camilo Busquets con parte de su gabinete tambi\u00e9n tom\u00f3 parte del evento. En los postres, los jugadores de la plantilla mostraron las nuevas camisetas y la indumentaria que lucir\u00e1 como oficial y alternativa, en colores blancos, verde y negra.<br \/>\nFuente: CeresCiudad Foto: Sandra Cejas<\/p>\n","protected":false},"excerpt":{"rendered":"<p>El Club Central Argentino Ol\u00edmpico de Ceres present\u00f3 la plantilla oficial para el certamen 2018-2019 de la Liga<\/p>\n","protected":false},"author":2,"featured_media":5516,"comment_status":"open","ping_status":"open","sticky":false,"template":"","format":"standard","meta":{"footnotes":""},"categories":[1],"tags":[],"class_list":["post-5515","post","type-post","status-publish","format-standard","has-post-thumbnail","hentry","category-sin-categoria"],"_links":{"self":[{"href":"http:\/\/zonade3.com.ar\/blog\/wp-json\/wp\/v2\/posts\/5515","targetHints":{"allow":["GET"]}}],"collection":[{"href":"http:\/\/zonade3.com.ar\/blog\/wp-json\/wp\/v2\/posts"}],"about":[{"href":"http:\/\/zonade3.com.ar\/blog\/wp-json\/wp\/v2\/types\/post"}],"author":[{"embeddable":true,"href":"http:\/\/zonade3.com.ar\/blog\/wp-json\/wp\/v2\/users\/2"}],"replies":[{"embeddable":true,"href":"http:\/\/zonade3.com.ar\/blog\/wp-json\/wp\/v2\/comments?post=5515"}],"version-history":[{"count":1,"href":"http:\/\/zonade3.com.ar\/blog\/wp-json\/wp\/v2\/posts\/5515\/revisions"}],"predecessor-version":[{"id":5517,"href":"http:\/\/zonade3.com.ar\/blog\/wp-json\/wp\/v2\/posts\/5515\/revisions\/5517"}],"wp:featuredmedia":[{"embeddable":true,"href":"http:\/\/zonade3.com.ar\/blog\/wp-json\/wp\/v2\/media\/5516"}],"wp:attachment":[{"href":"http:\/\/zonade3.com.ar\/blog\/wp-json\/wp\/v2\/media?parent=5515"}],"wp:term":[{"taxonomy":"category","embeddable":true,"href":"http:\/\/zonade3.com.ar\/blog\/wp-json\/wp\/v2\/categories?post=5515"},{"taxonomy":"post_tag","embeddable":true,"href":"http:\/\/zonade3.com.ar\/blog\/wp-json\/wp\/v2\/tags?post=5515"}],"curies":[{"name":"wp","href":"https:\/\/api.w.org\/{rel}","templated":true}]}}