{"id":5539,"date":"2018-10-17T03:19:19","date_gmt":"2018-10-17T03:19:19","guid":{"rendered":"http:\/\/zonade3.com.ar.ar\/blog\/?p=5539"},"modified":"2018-10-17T03:19:19","modified_gmt":"2018-10-17T03:19:19","slug":"liga-provincial-lagger-se-suma-a-racing-de-san-cristobal","status":"publish","type":"post","link":"http:\/\/zonade3.com.ar\/blog\/liga-provincial-lagger-se-suma-a-racing-de-san-cristobal\/","title":{"rendered":"Liga Provincial: Lagger se suma a Racing de San Crist\u00f3bal"},"content":{"rendered":"<p>Octavio Lagger jugar\u00e1 la Copa Santa Fe con Racing LTC. Resta que termine su participaci\u00f3n en el torneo local con su actual equipo, Col\u00f3n de Santa Fe y luego de sus trabajos de rehabilitaci\u00f3n (tobillo), en unos d\u00edas se volver\u00e1 a encontrar con sus ex compa\u00f1eros para los entrenamientos pertinentes.<br \/>\nEl sancristobalense vuelve para el certamen provincial a vestir los colores del Club que lo vio nacer. Luego retornar\u00e1 al elenco de la capital provincial.<br \/>\nAdem\u00e1s, en estos d\u00edas se confirmar\u00eda si llega Pablo Milesi. El jugador, oriundo de San Cristobal, hace mucho tiempo que no juega por esos lares. Es un 3-4 y tiene la particularidad de ostentar el r\u00e9cord de puntos en un partido en la Santafesina: 56 en total.<br \/>\nFuentes consultadas: Periodico Zona Norte &#8211; R. Mu\u00f1oz<\/p>\n","protected":false},"excerpt":{"rendered":"<p>Octavio Lagger jugar\u00e1 la Copa Santa Fe con Racing LTC. Resta que termine su participaci\u00f3n en el torneo<\/p>\n","protected":false},"author":2,"featured_media":5540,"comment_status":"open","ping_status":"open","sticky":false,"template":"","format":"standard","meta":{"footnotes":""},"categories":[1],"tags":[],"class_list":["post-5539","post","type-post","status-publish","format-standard","has-post-thumbnail","hentry","category-sin-categoria"],"_links":{"self":[{"href":"http:\/\/zonade3.com.ar\/blog\/wp-json\/wp\/v2\/posts\/5539","targetHints":{"allow":["GET"]}}],"collection":[{"href":"http:\/\/zonade3.com.ar\/blog\/wp-json\/wp\/v2\/posts"}],"about":[{"href":"http:\/\/zonade3.com.ar\/blog\/wp-json\/wp\/v2\/types\/post"}],"author":[{"embeddable":true,"href":"http:\/\/zonade3.com.ar\/blog\/wp-json\/wp\/v2\/users\/2"}],"replies":[{"embeddable":true,"href":"http:\/\/zonade3.com.ar\/blog\/wp-json\/wp\/v2\/comments?post=5539"}],"version-history":[{"count":1,"href":"http:\/\/zonade3.com.ar\/blog\/wp-json\/wp\/v2\/posts\/5539\/revisions"}],"predecessor-version":[{"id":5541,"href":"http:\/\/zonade3.com.ar\/blog\/wp-json\/wp\/v2\/posts\/5539\/revisions\/5541"}],"wp:featuredmedia":[{"embeddable":true,"href":"http:\/\/zonade3.com.ar\/blog\/wp-json\/wp\/v2\/media\/5540"}],"wp:attachment":[{"href":"http:\/\/zonade3.com.ar\/blog\/wp-json\/wp\/v2\/media?parent=5539"}],"wp:term":[{"taxonomy":"category","embeddable":true,"href":"http:\/\/zonade3.com.ar\/blog\/wp-json\/wp\/v2\/categories?post=5539"},{"taxonomy":"post_tag","embeddable":true,"href":"http:\/\/zonade3.com.ar\/blog\/wp-json\/wp\/v2\/tags?post=5539"}],"curies":[{"name":"wp","href":"https:\/\/api.w.org\/{rel}","templated":true}]}}