{"id":5551,"date":"2018-10-18T04:31:57","date_gmt":"2018-10-18T04:31:57","guid":{"rendered":"http:\/\/zonade3.com.ar.ar\/blog\/?p=5551"},"modified":"2018-10-18T04:31:57","modified_gmt":"2018-10-18T04:31:57","slug":"liga-argentina-central-de-ceres-incorporo-a-su-ultima-ficha","status":"publish","type":"post","link":"http:\/\/zonade3.com.ar\/blog\/liga-argentina-central-de-ceres-incorporo-a-su-ultima-ficha\/","title":{"rendered":"Liga Argentina: Central de Ceres incorpor\u00f3 a su ultima ficha"},"content":{"rendered":"<p>Se trata de Augusto Bruera, tiene 20 a\u00f1os a\u00f1os y es oriundo de C\u00f3rdoba. Jug\u00f3 el Torneo Federal vistiendo la camiseta de 9 de Julio de R\u00edo Tercero y su pase pertenece a Instituto de C\u00f3rdoba.<br \/>\nAugusto mide 2 metros y luego de jugar un partido amistoso ante San Isidro de San Francisco, reuni\u00f3 la caracter\u00edsticas que pretend\u00eda Lancellotti y cerr\u00f3 su incorporaci\u00f3n en Central.<br \/>\n\u00abSoy un 3-4, pero puedo desempe\u00f1arme sin problemas en el poste bajo y me gusta mucho el desaf\u00edo deportivo, porque me hablaron muy bien de este club\u00bb, le expres\u00f3 el flamante refuerzo a los colegas de La Red del Deporte Radio.<br \/>\nAgreg\u00f3, \u00aben estos d\u00edas debo solucionar algunos papeles relacionados con mi pase y creo que estar\u00e9 habilitado para ser parte del plantel el jueves 25 cuando recibamos a Ober\u00e1 de Misiones\u00bb.<br \/>\nBruera es el tercer fichaje Sub 23 y de esta manera, los dirigentes del \u00abaurinegro\u00bb cerraron la plantilla que afrontar\u00e1 la Liga Argentina desde el pr\u00f3ximo s\u00e1bado.<br \/>\nFuente\/Foto: Adrian Tavella<\/p>\n","protected":false},"excerpt":{"rendered":"<p>Se trata de Augusto Bruera, tiene 20 a\u00f1os a\u00f1os y es oriundo de C\u00f3rdoba. Jug\u00f3 el Torneo Federal<\/p>\n","protected":false},"author":2,"featured_media":5555,"comment_status":"open","ping_status":"open","sticky":false,"template":"","format":"standard","meta":{"footnotes":""},"categories":[1],"tags":[],"class_list":["post-5551","post","type-post","status-publish","format-standard","has-post-thumbnail","hentry","category-sin-categoria"],"_links":{"self":[{"href":"http:\/\/zonade3.com.ar\/blog\/wp-json\/wp\/v2\/posts\/5551","targetHints":{"allow":["GET"]}}],"collection":[{"href":"http:\/\/zonade3.com.ar\/blog\/wp-json\/wp\/v2\/posts"}],"about":[{"href":"http:\/\/zonade3.com.ar\/blog\/wp-json\/wp\/v2\/types\/post"}],"author":[{"embeddable":true,"href":"http:\/\/zonade3.com.ar\/blog\/wp-json\/wp\/v2\/users\/2"}],"replies":[{"embeddable":true,"href":"http:\/\/zonade3.com.ar\/blog\/wp-json\/wp\/v2\/comments?post=5551"}],"version-history":[{"count":1,"href":"http:\/\/zonade3.com.ar\/blog\/wp-json\/wp\/v2\/posts\/5551\/revisions"}],"predecessor-version":[{"id":5556,"href":"http:\/\/zonade3.com.ar\/blog\/wp-json\/wp\/v2\/posts\/5551\/revisions\/5556"}],"wp:featuredmedia":[{"embeddable":true,"href":"http:\/\/zonade3.com.ar\/blog\/wp-json\/wp\/v2\/media\/5555"}],"wp:attachment":[{"href":"http:\/\/zonade3.com.ar\/blog\/wp-json\/wp\/v2\/media?parent=5551"}],"wp:term":[{"taxonomy":"category","embeddable":true,"href":"http:\/\/zonade3.com.ar\/blog\/wp-json\/wp\/v2\/categories?post=5551"},{"taxonomy":"post_tag","embeddable":true,"href":"http:\/\/zonade3.com.ar\/blog\/wp-json\/wp\/v2\/tags?post=5551"}],"curies":[{"name":"wp","href":"https:\/\/api.w.org\/{rel}","templated":true}]}}