{"id":5573,"date":"2018-10-20T06:09:14","date_gmt":"2018-10-20T06:09:14","guid":{"rendered":"http:\/\/zonade3.com.ar.ar\/blog\/?p=5573"},"modified":"2018-10-20T06:09:14","modified_gmt":"2018-10-20T06:09:14","slug":"interasociativo-finalizo-la-fase-clasificatoria-clasificados-y-8vos-de-final","status":"publish","type":"post","link":"http:\/\/zonade3.com.ar\/blog\/interasociativo-finalizo-la-fase-clasificatoria-clasificados-y-8vos-de-final\/","title":{"rendered":"Interasociativo: finaliz\u00f3 la fase clasificatoria. Clasificados y 8vos. de final"},"content":{"rendered":"<p>Se disput\u00f3 la 11era. fecha que fue la que cerr\u00f3 la fase regular del Torneo Clausura. Tras los \u00faltimos resultados, 9 de Julio de Morteros, San Jorge, 9 de Julio de Freyre y Porte\u00f1a Asoc. clasificaron a cuartos. El resto de los equipos disputar\u00e1n los playoffs de 8vos. de final. Los mismos arrancan el 26 y tendr\u00e1n continuidad el domingo 28 y el mi\u00e9rcoles 31 de octubre. En tanto, los cuartos de final se disputar\u00e1n los d\u00edas viernes 2, domingo 4 y mi\u00e9rcoles 7 de noviembre. Por otra parte, las fechas de semifinales ser\u00e1n viernes 9, domingo 11 y mi\u00e9rcoles 14 del mismo mes.<br \/>\nAdem\u00e1s, las finales del certamen tienen dos d\u00edas de disputa confirmados: viernes 16 y domingo 18 de noviembre.<br \/>\n<strong>Los resultados:<\/strong><br \/>\n<strong>Mi\u00e9rcoles<\/strong><br \/>\nPorte\u00f1a Asoc. 76-84 Tiro Federal<br \/>\n<strong>Viernes<\/strong><br \/>\nAlmafuerte 66-79 Devoto<br \/>\nCultural Arroyito 74-71 Centro<br \/>\nEl Tala 78-79 9 de Julio de Freyre<br \/>\n9 de Julio de Morteros 89-60 El Ceibo<br \/>\nSan Jorge 80-76 San Isidro<br \/>\n<strong>POSICIONES:<\/strong> 9 de Morteros 22, San Jorge y 9 de Freyre 20. Porte\u00f1a 18, El Tala 17. Devoto 16, Centro, Tiro y Almafuerte 15, El Ceibo y San Isidro 14, Cultural Arroyito 12.<br \/>\n<strong>Play offs de 8vos. de final:<\/strong><br \/>\nEl Tala &#8211; Cultural Arroyito<br \/>\nDevoto &#8211; San Isidro<br \/>\nCentro Social &#8211; El Ceibo<br \/>\nTiro Federal &#8211; Almafuerte<\/p>\n","protected":false},"excerpt":{"rendered":"<p>Se disput\u00f3 la 11era. fecha que fue la que cerr\u00f3 la fase regular del Torneo Clausura. Tras los<\/p>\n","protected":false},"author":2,"featured_media":5216,"comment_status":"open","ping_status":"open","sticky":false,"template":"","format":"standard","meta":{"footnotes":""},"categories":[1],"tags":[],"class_list":["post-5573","post","type-post","status-publish","format-standard","has-post-thumbnail","hentry","category-sin-categoria"],"_links":{"self":[{"href":"http:\/\/zonade3.com.ar\/blog\/wp-json\/wp\/v2\/posts\/5573","targetHints":{"allow":["GET"]}}],"collection":[{"href":"http:\/\/zonade3.com.ar\/blog\/wp-json\/wp\/v2\/posts"}],"about":[{"href":"http:\/\/zonade3.com.ar\/blog\/wp-json\/wp\/v2\/types\/post"}],"author":[{"embeddable":true,"href":"http:\/\/zonade3.com.ar\/blog\/wp-json\/wp\/v2\/users\/2"}],"replies":[{"embeddable":true,"href":"http:\/\/zonade3.com.ar\/blog\/wp-json\/wp\/v2\/comments?post=5573"}],"version-history":[{"count":1,"href":"http:\/\/zonade3.com.ar\/blog\/wp-json\/wp\/v2\/posts\/5573\/revisions"}],"predecessor-version":[{"id":5574,"href":"http:\/\/zonade3.com.ar\/blog\/wp-json\/wp\/v2\/posts\/5573\/revisions\/5574"}],"wp:featuredmedia":[{"embeddable":true,"href":"http:\/\/zonade3.com.ar\/blog\/wp-json\/wp\/v2\/media\/5216"}],"wp:attachment":[{"href":"http:\/\/zonade3.com.ar\/blog\/wp-json\/wp\/v2\/media?parent=5573"}],"wp:term":[{"taxonomy":"category","embeddable":true,"href":"http:\/\/zonade3.com.ar\/blog\/wp-json\/wp\/v2\/categories?post=5573"},{"taxonomy":"post_tag","embeddable":true,"href":"http:\/\/zonade3.com.ar\/blog\/wp-json\/wp\/v2\/tags?post=5573"}],"curies":[{"name":"wp","href":"https:\/\/api.w.org\/{rel}","templated":true}]}}