{"id":5581,"date":"2018-10-21T14:55:02","date_gmt":"2018-10-21T14:55:02","guid":{"rendered":"http:\/\/zonade3.com.ar.ar\/blog\/?p=5581"},"modified":"2018-10-21T14:55:02","modified_gmt":"2018-10-21T14:55:02","slug":"liga-argentina-central-tuvo-su-historico-debut-en-liga-argentina","status":"publish","type":"post","link":"http:\/\/zonade3.com.ar\/blog\/liga-argentina-central-tuvo-su-historico-debut-en-liga-argentina\/","title":{"rendered":"Liga Argentina: Central tuvo su hist\u00f3rico debut en Liga Argentina"},"content":{"rendered":"<p>En el debut de esta competencia nacional, el \u00abaurinegro\u00bb se qued\u00f3 con un dolor profundo, porque estuvo cerca del triunfo y no logr\u00f3 hacerse notar en los pasajes favorables.<br \/>\nIndependiente gan\u00f3 el juego 88-83 y siendo superior en el primer tiempo, pero nunca pudiendo reflejarlo en el score. La m\u00e1xima distancia fue de trece puntos y Central siempre estuvo con posibilidades matem\u00e1ticas en el desarrollo.<br \/>\nA los dirigidos por Enrique Lancellotti les cost\u00f3 defender por esos momentos y en ofensiva, por segmentos, no encontr\u00f3 fluidez.<br \/>\nEn el complemento y haci\u00e9ndose m\u00e1s s\u00f3lido en esos items, comenz\u00f3 la remontada.<br \/>\nApareci\u00f3 Liz\u00e1rraga desde el per\u00edmetro, Pablo Mart\u00ednez se hizo notar cerca de los acr\u00edlicos y Brown mostr\u00f3 las cualidades de un extranjero.<br \/>\nEl resto se hizo eco de estos pilares y el \u00abaurinegro\u00bb puso en aprietos a los santiague\u00f1os.<br \/>\nLogr\u00f3 ponerse arriba en el marcador y desde ah\u00ed, el destino del juego fue incierto.<br \/>\nPero aquello dicho anteriormente, inclin\u00f3 la balanza del lado local y Central se fue masticando bronca, porque pudo y estuvo cerca de su primer triunfo.<br \/>\nEl an\u00e1lisis en caliente deja esa tristeza y un mont\u00f3n de interrogantes, pero con frialdad sacar\u00e1n conclusiones muy positivas en el arranque de la Liga Argentina.<br \/>\n<strong>S\u00edntesis<\/strong><br \/>\nINDEPENDIENTE (SdE) 88 &#8211; CENTRAL 83<br \/>\nEstadio: Independiente de Santiago del Estero<br \/>\nINDEPENDIENTE: Palacios (14); Mansilla (22); Deck (7); Weingan (7); Ingrata (15); Traverso; Kalalo (5); Pagani (3), Ponce; Soria. DT: Javier Montenegro.<br \/>\nCENTRAL: Vittar (10); Liz\u00e1rraga (19), Mat\u00edas Mart\u00ednez (12), Pablo Mart\u00ednez (17), Brown (21); Natta (5), Salicr\u00fa; Milanesio; Fito. DT: Enrique Lancellotti.<br \/>\n\u00c1rbitros: Ramallo-Piedrabuena-Inochea<br \/>\nFuente: Adrian Tavella<\/p>\n","protected":false},"excerpt":{"rendered":"<p>En el debut de esta competencia nacional, el \u00abaurinegro\u00bb se qued\u00f3 con un dolor profundo, porque estuvo cerca<\/p>\n","protected":false},"author":2,"featured_media":5582,"comment_status":"open","ping_status":"open","sticky":false,"template":"","format":"standard","meta":{"footnotes":""},"categories":[1],"tags":[],"class_list":["post-5581","post","type-post","status-publish","format-standard","has-post-thumbnail","hentry","category-sin-categoria"],"_links":{"self":[{"href":"http:\/\/zonade3.com.ar\/blog\/wp-json\/wp\/v2\/posts\/5581","targetHints":{"allow":["GET"]}}],"collection":[{"href":"http:\/\/zonade3.com.ar\/blog\/wp-json\/wp\/v2\/posts"}],"about":[{"href":"http:\/\/zonade3.com.ar\/blog\/wp-json\/wp\/v2\/types\/post"}],"author":[{"embeddable":true,"href":"http:\/\/zonade3.com.ar\/blog\/wp-json\/wp\/v2\/users\/2"}],"replies":[{"embeddable":true,"href":"http:\/\/zonade3.com.ar\/blog\/wp-json\/wp\/v2\/comments?post=5581"}],"version-history":[{"count":1,"href":"http:\/\/zonade3.com.ar\/blog\/wp-json\/wp\/v2\/posts\/5581\/revisions"}],"predecessor-version":[{"id":5583,"href":"http:\/\/zonade3.com.ar\/blog\/wp-json\/wp\/v2\/posts\/5581\/revisions\/5583"}],"wp:featuredmedia":[{"embeddable":true,"href":"http:\/\/zonade3.com.ar\/blog\/wp-json\/wp\/v2\/media\/5582"}],"wp:attachment":[{"href":"http:\/\/zonade3.com.ar\/blog\/wp-json\/wp\/v2\/media?parent=5581"}],"wp:term":[{"taxonomy":"category","embeddable":true,"href":"http:\/\/zonade3.com.ar\/blog\/wp-json\/wp\/v2\/categories?post=5581"},{"taxonomy":"post_tag","embeddable":true,"href":"http:\/\/zonade3.com.ar\/blog\/wp-json\/wp\/v2\/tags?post=5581"}],"curies":[{"name":"wp","href":"https:\/\/api.w.org\/{rel}","templated":true}]}}