{"id":5635,"date":"2018-10-29T02:36:18","date_gmt":"2018-10-29T02:36:18","guid":{"rendered":"http:\/\/zonade3.com.ar.ar\/blog\/?p=5635"},"modified":"2018-10-29T02:36:18","modified_gmt":"2018-10-29T02:36:18","slug":"liga-provincial-se-presenta-la-nueva-edicion-de-la-copa-santa-fe","status":"publish","type":"post","link":"http:\/\/zonade3.com.ar\/blog\/liga-provincial-se-presenta-la-nueva-edicion-de-la-copa-santa-fe\/","title":{"rendered":"Liga Provincial: se presenta la nueva edici\u00f3n de la Copa Santa Fe"},"content":{"rendered":"<p>El pr\u00f3ximo mi\u00e9rcoles 31 de octubre se llevar\u00e1 a cabo la presentaci\u00f3n de la nueva edici\u00f3n de la Copa Santa Fe de b\u00e1squet y tambi\u00e9n se realizar\u00e1 el sorteo de las zonas y programa de juego con la presencia de autoridades provinciales, federativas, asociativas y los representantes de las instituciones, dirigentes y un basquetbolista de cada una de las instituciones luciendo su camiseta. La cita ser\u00e1 a las 19.30 en la sede de gobernaci\u00f3n en la ciudad de Santa Fe.<br \/>\nAdem\u00e1s, se extendi\u00f3 el plazo de presentaci\u00f3n de listas de buena fe para el 5 de noviembre.<\/p>\n","protected":false},"excerpt":{"rendered":"<p>El pr\u00f3ximo mi\u00e9rcoles 31 de octubre se llevar\u00e1 a cabo la presentaci\u00f3n de la nueva edici\u00f3n de la<\/p>\n","protected":false},"author":2,"featured_media":4304,"comment_status":"open","ping_status":"open","sticky":false,"template":"","format":"standard","meta":{"footnotes":""},"categories":[1],"tags":[],"class_list":["post-5635","post","type-post","status-publish","format-standard","has-post-thumbnail","hentry","category-sin-categoria"],"_links":{"self":[{"href":"http:\/\/zonade3.com.ar\/blog\/wp-json\/wp\/v2\/posts\/5635","targetHints":{"allow":["GET"]}}],"collection":[{"href":"http:\/\/zonade3.com.ar\/blog\/wp-json\/wp\/v2\/posts"}],"about":[{"href":"http:\/\/zonade3.com.ar\/blog\/wp-json\/wp\/v2\/types\/post"}],"author":[{"embeddable":true,"href":"http:\/\/zonade3.com.ar\/blog\/wp-json\/wp\/v2\/users\/2"}],"replies":[{"embeddable":true,"href":"http:\/\/zonade3.com.ar\/blog\/wp-json\/wp\/v2\/comments?post=5635"}],"version-history":[{"count":1,"href":"http:\/\/zonade3.com.ar\/blog\/wp-json\/wp\/v2\/posts\/5635\/revisions"}],"predecessor-version":[{"id":5636,"href":"http:\/\/zonade3.com.ar\/blog\/wp-json\/wp\/v2\/posts\/5635\/revisions\/5636"}],"wp:featuredmedia":[{"embeddable":true,"href":"http:\/\/zonade3.com.ar\/blog\/wp-json\/wp\/v2\/media\/4304"}],"wp:attachment":[{"href":"http:\/\/zonade3.com.ar\/blog\/wp-json\/wp\/v2\/media?parent=5635"}],"wp:term":[{"taxonomy":"category","embeddable":true,"href":"http:\/\/zonade3.com.ar\/blog\/wp-json\/wp\/v2\/categories?post=5635"},{"taxonomy":"post_tag","embeddable":true,"href":"http:\/\/zonade3.com.ar\/blog\/wp-json\/wp\/v2\/tags?post=5635"}],"curies":[{"name":"wp","href":"https:\/\/api.w.org\/{rel}","templated":true}]}}