{"id":611,"date":"2016-12-12T04:58:11","date_gmt":"2016-12-12T04:58:11","guid":{"rendered":"http:\/\/zonade3.com.ar.ar\/blog\/?p=611"},"modified":"2016-12-12T05:01:22","modified_gmt":"2016-12-12T05:01:22","slug":"interasociativo-portena-asoc-gano-en-brinkmann-y-sumo-un-nuevo-titulo-en-su-rica-historia","status":"publish","type":"post","link":"http:\/\/zonade3.com.ar\/blog\/interasociativo-portena-asoc-gano-en-brinkmann-y-sumo-un-nuevo-titulo-en-su-rica-historia\/","title":{"rendered":"Interasociativo: Porte\u00f1a Asoc. gan\u00f3 en Brinkmann y sum\u00f3 un nuevo titulo en su rica historia"},"content":{"rendered":"<p>El \u00abhuevero\u00bb le gan\u00f3 en el 5\u00b0 juego al equipo de Brinkmann y logr\u00f3 un nuevo t\u00edtulo asociativo. En la serie gan\u00f3 dos juegos de visitante. As\u00ed se cerr\u00f3 el a\u00f1o del basquet asociativo con finalistas repetidos y un titulo por cada uno.<br \/>\nPorte\u00f1a Asoc. obtuvo su 12\u00b0 t\u00edtulo asociativo luego de ganarle a San Jorge 81 a 76 en el 5\u00b0 juego de la gran final del Clausura. El equipo de Jorge Pautasso dio vuelta un lum\u00ednico que lo ten\u00eda 13 puntos abajo en el \u00faltimo cuarto, mostrando una envidiable fortaleza mental para superar un momento complicado.<br \/>\nLos parciales del 5to punto fueron los siguientes 22\/22 \u2013 42\/41 \u2013 64\/56 \u2013 81\/76. Gonzalo Guzman fue el goleador de Porte\u00f1a y del partido con 28 puntos, seguido por Rodrigo Cerdosino con 19. Por San Jorge, Manuel Gonzalez con 20 y Franco Scaraf\u00eda con 18 puntos.<br \/>\nEl \u201chuevero\u201d aceler\u00f3 en el cuarto final y se qued\u00f3 con el t\u00edtulo de \u201cCampe\u00f3n del Torneo Clausura 2016\u201d.<br \/>\nPorte\u00f1a Asoc. gan\u00f3 el primer punto de la serie por 60-59, luego San Jorge empat\u00f3 en el Polideportivo Santo 80-75. En el \u00abDi Carlo\u00bb San Jorge se adelantaba 67-63 pero Porte\u00f1a volv\u00eda a igualar la serie 83-73. El punto final es historia con el 81-76 que le da un nuevo titulo a los porte\u00f1enses en su rico historial.<br \/>\nPorte\u00f1a hab\u00eda terminado 5to. en el Torneo Clausura por lo que tuvo que jugar los 8\u00b0 de final ante el Cultural de Arroyito, luego elimin\u00f3 a Almafuerte de Las Varillas y a Centro Social, a estos dos \u00faltimos tambi\u00e9n con desventaja de local\u00eda.<br \/>\nFuente: Radio Belgrano<\/p>\n","protected":false},"excerpt":{"rendered":"<p>El \u00abhuevero\u00bb le gan\u00f3 en el 5\u00b0 juego al equipo de Brinkmann y logr\u00f3 un nuevo t\u00edtulo asociativo.<\/p>\n","protected":false},"author":2,"featured_media":612,"comment_status":"open","ping_status":"open","sticky":false,"template":"","format":"standard","meta":{"footnotes":""},"categories":[1],"tags":[],"class_list":["post-611","post","type-post","status-publish","format-standard","has-post-thumbnail","hentry","category-sin-categoria"],"_links":{"self":[{"href":"http:\/\/zonade3.com.ar\/blog\/wp-json\/wp\/v2\/posts\/611","targetHints":{"allow":["GET"]}}],"collection":[{"href":"http:\/\/zonade3.com.ar\/blog\/wp-json\/wp\/v2\/posts"}],"about":[{"href":"http:\/\/zonade3.com.ar\/blog\/wp-json\/wp\/v2\/types\/post"}],"author":[{"embeddable":true,"href":"http:\/\/zonade3.com.ar\/blog\/wp-json\/wp\/v2\/users\/2"}],"replies":[{"embeddable":true,"href":"http:\/\/zonade3.com.ar\/blog\/wp-json\/wp\/v2\/comments?post=611"}],"version-history":[{"count":3,"href":"http:\/\/zonade3.com.ar\/blog\/wp-json\/wp\/v2\/posts\/611\/revisions"}],"predecessor-version":[{"id":615,"href":"http:\/\/zonade3.com.ar\/blog\/wp-json\/wp\/v2\/posts\/611\/revisions\/615"}],"wp:featuredmedia":[{"embeddable":true,"href":"http:\/\/zonade3.com.ar\/blog\/wp-json\/wp\/v2\/media\/612"}],"wp:attachment":[{"href":"http:\/\/zonade3.com.ar\/blog\/wp-json\/wp\/v2\/media?parent=611"}],"wp:term":[{"taxonomy":"category","embeddable":true,"href":"http:\/\/zonade3.com.ar\/blog\/wp-json\/wp\/v2\/categories?post=611"},{"taxonomy":"post_tag","embeddable":true,"href":"http:\/\/zonade3.com.ar\/blog\/wp-json\/wp\/v2\/tags?post=611"}],"curies":[{"name":"wp","href":"https:\/\/api.w.org\/{rel}","templated":true}]}}