{"id":733,"date":"2016-12-23T16:27:24","date_gmt":"2016-12-23T16:27:24","guid":{"rendered":"http:\/\/zonade3.com.ar.ar\/blog\/?p=733"},"modified":"2016-12-23T16:31:40","modified_gmt":"2016-12-23T16:31:40","slug":"la-noroeste-analiza-la-aplicacion-del-programa-de-escuelas-de-iniciacion-deportiva","status":"publish","type":"post","link":"http:\/\/zonade3.com.ar\/blog\/la-noroeste-analiza-la-aplicacion-del-programa-de-escuelas-de-iniciacion-deportiva\/","title":{"rendered":"La Noroeste analiza la aplicaci\u00f3n del Programa de Escuelas de Iniciaci\u00f3n Deportiva"},"content":{"rendered":"<p>El gobierno nacional quiere desarrollar el Programa de Escuelas de Iniciaci\u00f3n Deportiva en Santa Fe. La idea es implementar el desarrollo de un plan en conjunto entre el Estado Nacional y las autoridades provinciales.<br \/>\nEn el trascurso de la premiaci\u00f3n de cierre de a\u00f1o de la Noroeste Zonade3 accedi\u00f3 a la informaci\u00f3n que hay intenciones de parte de la dirigencia asociativa de aplicar el programa en la regi\u00f3n, eligiendo previamente los lugares donde podr\u00edan desarrollarse estos lineamientos.<br \/>\nEl programa consiste en la creaci\u00f3n de escuelas de iniciaci\u00f3n deportiva, mediante las cuales el Estado Nacional contrata a un docente de alguna de 29 disciplinas deportivas establecidas para que brinde clases gratuitas en un lugar determinado. Asimismo, en el caso de los clubes recibir\u00e1n, por parte del gobierno nacional, aportes econ\u00f3micos y el reintegro del 40% de los gastos correspondientes a los servicios de energ\u00eda el\u00e9ctrica, luz y agua.<br \/>\nEl a\u00f1o que viene se epicentro del an\u00e1lisis correspondiente para afinar detalles y ver c\u00f3mo y d\u00f3nde la Noroeste lleva al terreno este interesante proyecto que ofrece contenci\u00f3n a los ni\u00f1os y que pretende a trav\u00e9s del deporte lograr inclusi\u00f3n y alejar de los menores de algunos vicios existentes en la sociedad.<\/p>\n","protected":false},"excerpt":{"rendered":"<p>El gobierno nacional quiere desarrollar el Programa de Escuelas de Iniciaci\u00f3n Deportiva en Santa Fe. La idea es<\/p>\n","protected":false},"author":2,"featured_media":737,"comment_status":"open","ping_status":"open","sticky":false,"template":"","format":"standard","meta":{"footnotes":""},"categories":[1],"tags":[],"class_list":["post-733","post","type-post","status-publish","format-standard","has-post-thumbnail","hentry","category-sin-categoria"],"_links":{"self":[{"href":"http:\/\/zonade3.com.ar\/blog\/wp-json\/wp\/v2\/posts\/733","targetHints":{"allow":["GET"]}}],"collection":[{"href":"http:\/\/zonade3.com.ar\/blog\/wp-json\/wp\/v2\/posts"}],"about":[{"href":"http:\/\/zonade3.com.ar\/blog\/wp-json\/wp\/v2\/types\/post"}],"author":[{"embeddable":true,"href":"http:\/\/zonade3.com.ar\/blog\/wp-json\/wp\/v2\/users\/2"}],"replies":[{"embeddable":true,"href":"http:\/\/zonade3.com.ar\/blog\/wp-json\/wp\/v2\/comments?post=733"}],"version-history":[{"count":1,"href":"http:\/\/zonade3.com.ar\/blog\/wp-json\/wp\/v2\/posts\/733\/revisions"}],"predecessor-version":[{"id":736,"href":"http:\/\/zonade3.com.ar\/blog\/wp-json\/wp\/v2\/posts\/733\/revisions\/736"}],"wp:featuredmedia":[{"embeddable":true,"href":"http:\/\/zonade3.com.ar\/blog\/wp-json\/wp\/v2\/media\/737"}],"wp:attachment":[{"href":"http:\/\/zonade3.com.ar\/blog\/wp-json\/wp\/v2\/media?parent=733"}],"wp:term":[{"taxonomy":"category","embeddable":true,"href":"http:\/\/zonade3.com.ar\/blog\/wp-json\/wp\/v2\/categories?post=733"},{"taxonomy":"post_tag","embeddable":true,"href":"http:\/\/zonade3.com.ar\/blog\/wp-json\/wp\/v2\/tags?post=733"}],"curies":[{"name":"wp","href":"https:\/\/api.w.org\/{rel}","templated":true}]}}