{"id":8597,"date":"2020-02-21T04:09:25","date_gmt":"2020-02-21T04:09:25","guid":{"rendered":"http:\/\/zonade3.com.ar.ar\/blog\/?p=8597"},"modified":"2020-02-21T04:09:25","modified_gmt":"2020-02-21T04:09:25","slug":"torneo-federal-interesante-partido-el-viernes-en-el-cerutti","status":"publish","type":"post","link":"http:\/\/zonade3.com.ar\/blog\/torneo-federal-interesante-partido-el-viernes-en-el-cerutti\/","title":{"rendered":"Torneo Federal: interesante partido el viernes en el \u00abCerutti\u00bb"},"content":{"rendered":"<p>Este viernes se inaugura una nueva fecha del Torneo Federal y en la Divisi\u00f3n Centro, 9 de Julio de Morteros abre este viernes jugando de local. Ser\u00e1 a las 22 hs recibiendo en el Polideportivo Cerutti al Sportivo 9 de Julio de R\u00edo Tercero en otro duelo importante en la parte baja de la tabla de valores.<br \/>\nLuego, el domingo se disputar\u00e1 el duelo regional entre Sportivo Suardi que espera en su casa al equipo de Gustavo Rossotto.<br \/>\nLos partidos:<br \/>\nSportivo Las Parejas &#8211; Santa Paula de G\u00e1lvez Estadio: La Fortaleza del Lobo<br \/>\nPrimer Juez: Daniel Saravalli<br \/>\nSegundo Juez: Romina Morales<br \/>\nComisionado T\u00e9cnico: Omar Gonzalez 21\/02\/2020 9:30 PM<\/p>\n<p>9 de Julio de Morteros &#8211; 9 de Julio de R\u00edo Tercero Estadio: Carlos \u00abPalito\u00bb Cerutti<br \/>\nPrimer Juez: Mat\u00edas Pedano<br \/>\nSegundo Juez: Andr\u00e9s Cassina<br \/>\nComisionado T\u00e9cnico: Sergio Raspo 21\/02\/2020 10:00 PM<\/p>\n<p>Club Bell de Bell Ville &#8211; Sport Club Ca\u00f1adense Estadio: Polideportivo Tito Proietti<br \/>\nPrimer Juez: Germ\u00e1n Martinez<br \/>\nSegundo Juez: Federico Boelaert<br \/>\nComisionado T\u00e9cnico: Gustavo Torres 21\/02\/2020 10:00 PM<\/p>\n<p>Atalaya de Rosario &#8211; Independiente de Oliva Estadio: Alberto Luis Ornati<br \/>\nPrimer Juez: Norberto Raggio<br \/>\nSegundo Juez: Alejandro Araujo<br \/>\nComisionado T\u00e9cnico: Ricardo Alcaraz 22\/02\/2020 8:30 PM<\/p>\n<p>Sportivo Suardi &#8211; 9 de Julio de Morteros Estadio: Polideportivo Rojiblanco<br \/>\nPrimer Juez: Sergio Quinteros<br \/>\nSegundo Juez: Lucas Chaparro<br \/>\nComisionado T\u00e9cnico: Jorge Lanas 23\/02\/2020 8:30 PM<\/p>\n","protected":false},"excerpt":{"rendered":"<p>Este viernes se inaugura una nueva fecha del Torneo Federal y en la Divisi\u00f3n Centro, 9 de Julio<\/p>\n","protected":false},"author":2,"featured_media":8598,"comment_status":"open","ping_status":"open","sticky":false,"template":"","format":"standard","meta":{"footnotes":""},"categories":[1],"tags":[],"class_list":["post-8597","post","type-post","status-publish","format-standard","has-post-thumbnail","hentry","category-sin-categoria"],"_links":{"self":[{"href":"http:\/\/zonade3.com.ar\/blog\/wp-json\/wp\/v2\/posts\/8597","targetHints":{"allow":["GET"]}}],"collection":[{"href":"http:\/\/zonade3.com.ar\/blog\/wp-json\/wp\/v2\/posts"}],"about":[{"href":"http:\/\/zonade3.com.ar\/blog\/wp-json\/wp\/v2\/types\/post"}],"author":[{"embeddable":true,"href":"http:\/\/zonade3.com.ar\/blog\/wp-json\/wp\/v2\/users\/2"}],"replies":[{"embeddable":true,"href":"http:\/\/zonade3.com.ar\/blog\/wp-json\/wp\/v2\/comments?post=8597"}],"version-history":[{"count":1,"href":"http:\/\/zonade3.com.ar\/blog\/wp-json\/wp\/v2\/posts\/8597\/revisions"}],"predecessor-version":[{"id":8599,"href":"http:\/\/zonade3.com.ar\/blog\/wp-json\/wp\/v2\/posts\/8597\/revisions\/8599"}],"wp:featuredmedia":[{"embeddable":true,"href":"http:\/\/zonade3.com.ar\/blog\/wp-json\/wp\/v2\/media\/8598"}],"wp:attachment":[{"href":"http:\/\/zonade3.com.ar\/blog\/wp-json\/wp\/v2\/media?parent=8597"}],"wp:term":[{"taxonomy":"category","embeddable":true,"href":"http:\/\/zonade3.com.ar\/blog\/wp-json\/wp\/v2\/categories?post=8597"},{"taxonomy":"post_tag","embeddable":true,"href":"http:\/\/zonade3.com.ar\/blog\/wp-json\/wp\/v2\/tags?post=8597"}],"curies":[{"name":"wp","href":"https:\/\/api.w.org\/{rel}","templated":true}]}}