{"id":8616,"date":"2020-02-24T16:15:56","date_gmt":"2020-02-24T16:15:56","guid":{"rendered":"http:\/\/zonade3.com.ar.ar\/blog\/?p=8616"},"modified":"2020-02-24T16:15:56","modified_gmt":"2020-02-24T16:15:56","slug":"melisa-gauna-debuto-en-el-arbitraje-de-la-copa-santa-fe","status":"publish","type":"post","link":"http:\/\/zonade3.com.ar\/blog\/melisa-gauna-debuto-en-el-arbitraje-de-la-copa-santa-fe\/","title":{"rendered":"Melisa Gauna debut\u00f3 en el arbitraje de la Copa Santa Fe"},"content":{"rendered":"<p>La Liga Provincial de b\u00e1squet es un torneo arraigado en el deporte santafesino y uno de los m\u00e1s respetados a nivel nacional, sumado al exponencial crecimiento que se dio con la llegada de la Copa Santa Fe como auspiciante y el premio del ascenso al Torneo Federal. Pero lo que siempre tuvo, tiene y tendr\u00e1 es ser la plataforma de promoci\u00f3n y despegue para instituciones, jugadores, entrenadores y hasta \u00e1rbitros. En este caso, en otra saludable medida, se le brinda el merecido lugar a las mujeres que asumen una profesi\u00f3n que no es de las m\u00e1s comunes se dedican al referato de b\u00e1squet. En la fecha 12 del torneo se produjo el debut de Melisa Gauna (arbitro de la Noroeste) y esta es su historia, como fue en su momento la de Virginia Peruchini (es internacional), Milagros Card\u00f3n (lanz\u00f3 el salto inicial de la Copa Santa Fe Femenina), Romina Morales o Macarena Blanc. Dejan su huella y ganan respeto con su labor.<br \/>\n\u201cCuando me lleg\u00f3 la designaci\u00f3n me puse muy contenta y me emocion\u00e9 much\u00edsimo porque era algo que anhelaba. Pero claro, luego me sent\u00ed inquieta y ansiosa para que llegara el d\u00eda del partido\u201d, cuenta entusiasmada la profesora de educaci\u00f3n f\u00edsica de 32 a\u00f1os y oriunda de Tostado que hace alg\u00fan tiempo eligi\u00f3 esta particular pasi\u00f3n: \u201cHace cinco a\u00f1os que estoy como \u00e1rbitro en mi Asociaci\u00f3n (Noroeste) y hace dos a\u00f1os rend\u00ed para dirigir en los torneos de la Federaci\u00f3n Santafesina\u201d.<br \/>\nLa preparaci\u00f3n de los partidos tambi\u00e9n es una necesidad y Melisa relat\u00f3 c\u00f3mo fueron esas horas previas: \u201cTuve la suerte de ser designada para Central San Javier-Provincial de Salto Grande junto a Lucas Chaparro, con quien nos conocemos ya que somos del mismo Colegio de \u00c1rbitros y mientras viaj\u00e1bamos fuimos retroalimentando nuestra experiencia dentro del arbitraje. \u00c9l ya tiene varios partidos dentro de la Copa, lo que me dio m\u00e1s seguridad y confianza. Horas antes del partido hicimos el scouting de los equipos y jugadores y el comisionado Jorge Lanas nos comparti\u00f3 tambi\u00e9n informaci\u00f3n de ambos equipos\u201d.<br \/>\n\u201cAl principio me sent\u00ed nerviosa porque para m\u00ed era un nuevo desaf\u00edo, al margen que ya he arbitrado bastante en la categor\u00eda de primera masculino de mi asociaci\u00f3n, pero esta competencia es muy importante para m\u00ed. As\u00ed que logr\u00e9 controlar mis nervios y llevar el juego como deb\u00eda. Al finalizar me sent\u00ed s\u00faper bien porque el partido termin\u00f3 excelente. Los jugadores y entrenadores me saludaron muy bien\u201d, resume la jueza que particip\u00f3 en 2019 en el Argentino de U17 en Neuqu\u00e9n y en las finales de los Argentinos de Clubes de la Confederaci\u00f3n Argentina en las categor\u00edas U17 en Sunchales, U15 en Rosario y U13 en Paran\u00e1.<br \/>\n\u201cLa Federaci\u00f3n est\u00e1 apoyando much\u00edsimo el arbitraje femenino como tambi\u00e9n lo vienen haciendo con la competencia motivando a los clubes a que participen en los federativos femeninos y en la Copa Santa Fe. Es una gran oportunidad que nos est\u00e1n dando a las \u00e1rbitros mujeres a seguir creciendo, fue una decisi\u00f3n muy positiva en el desarrollo del deporte en la provincia\u201d, destac\u00f3 Melisa, quien tambi\u00e9n nota el apoyo y crecimiento del arbitraje en el Noroeste, la m\u00e1s joven de las asociaciones santafesinas: \u201cTenemos una competencia desafiante, motivadora, ya que todos los equipos siempre est\u00e1n reforz\u00e1ndose y trabajando fuerte en las categor\u00eda inferiores lo que hace que en nuestro colegio de \u00e1rbitros tengamos que estar en constante actualizaci\u00f3n y crecimiento para poder ofrecerle a nuestra competencia una mejor calidad arbitral. Justamente esta semana comenzamos a dictar capacitaciones a oficiales de mesa para seguir sumando y trabajar en conjunto con los clubes\u201d.<br \/>\nFuente: Prensa FBPSF<\/p>\n","protected":false},"excerpt":{"rendered":"<p>La Liga Provincial de b\u00e1squet es un torneo arraigado en el deporte santafesino y uno de los m\u00e1s<\/p>\n","protected":false},"author":2,"featured_media":8617,"comment_status":"open","ping_status":"open","sticky":false,"template":"","format":"standard","meta":{"footnotes":""},"categories":[1],"tags":[],"class_list":["post-8616","post","type-post","status-publish","format-standard","has-post-thumbnail","hentry","category-sin-categoria"],"_links":{"self":[{"href":"http:\/\/zonade3.com.ar\/blog\/wp-json\/wp\/v2\/posts\/8616","targetHints":{"allow":["GET"]}}],"collection":[{"href":"http:\/\/zonade3.com.ar\/blog\/wp-json\/wp\/v2\/posts"}],"about":[{"href":"http:\/\/zonade3.com.ar\/blog\/wp-json\/wp\/v2\/types\/post"}],"author":[{"embeddable":true,"href":"http:\/\/zonade3.com.ar\/blog\/wp-json\/wp\/v2\/users\/2"}],"replies":[{"embeddable":true,"href":"http:\/\/zonade3.com.ar\/blog\/wp-json\/wp\/v2\/comments?post=8616"}],"version-history":[{"count":1,"href":"http:\/\/zonade3.com.ar\/blog\/wp-json\/wp\/v2\/posts\/8616\/revisions"}],"predecessor-version":[{"id":8618,"href":"http:\/\/zonade3.com.ar\/blog\/wp-json\/wp\/v2\/posts\/8616\/revisions\/8618"}],"wp:featuredmedia":[{"embeddable":true,"href":"http:\/\/zonade3.com.ar\/blog\/wp-json\/wp\/v2\/media\/8617"}],"wp:attachment":[{"href":"http:\/\/zonade3.com.ar\/blog\/wp-json\/wp\/v2\/media?parent=8616"}],"wp:term":[{"taxonomy":"category","embeddable":true,"href":"http:\/\/zonade3.com.ar\/blog\/wp-json\/wp\/v2\/categories?post=8616"},{"taxonomy":"post_tag","embeddable":true,"href":"http:\/\/zonade3.com.ar\/blog\/wp-json\/wp\/v2\/tags?post=8616"}],"curies":[{"name":"wp","href":"https:\/\/api.w.org\/{rel}","templated":true}]}}