{"id":8624,"date":"2020-02-28T03:27:37","date_gmt":"2020-02-28T03:27:37","guid":{"rendered":"http:\/\/zonade3.com.ar.ar\/blog\/?p=8624"},"modified":"2020-02-28T03:27:37","modified_gmt":"2020-02-28T03:27:37","slug":"tiro-federal-incorporo-un-profesor-colombiano-para-trabajar-en-las-categorias-formativas","status":"publish","type":"post","link":"http:\/\/zonade3.com.ar\/blog\/tiro-federal-incorporo-un-profesor-colombiano-para-trabajar-en-las-categorias-formativas\/","title":{"rendered":"Tiro Federal incorpor\u00f3 un profesor Colombiano para trabajar en las categor\u00edas formativas"},"content":{"rendered":"<p>Tiro Federal le da la bienvenida al profesor Camilo Tabares, quien proviene de Medell\u00edn (Colombia) y la temporada pasada visit\u00f3 del campus organizado en julio del 2019. \u00abEstar\u00e1 desarrollando en nuestro club una pasant\u00eda colaborando y adquiriendo conocimientos con nuestros entrenadores y profesores de la disciplina; estando bajo su cargo la categor\u00eda mosquitos y pre mini\u00bb, coment\u00f3 Damian Borgogno Coordinador Deportivo del club.<br \/>\nCamilo tiene ya un bagaje como entrenador en Medell\u00edn y es Licenciado en Educaci\u00f3n F\u00edsica.<br \/>\nEste 2 de marzo comienza el Mini basquetbol, con la modalidad de contra turno para que todos los ni\u00f1os puedan aprovechar los horarios, habr\u00e1 turnos por la ma\u00f1ana para quienes cursen horario escolar por la tarde y entrenamientos por la tarde para aquellos que concurren a las escuelas por la ma\u00f1ana, inform\u00f3 Borgogno.<br \/>\nFuente: Prensa Tiro Federal<\/p>\n","protected":false},"excerpt":{"rendered":"<p>Tiro Federal le da la bienvenida al profesor Camilo Tabares, quien proviene de Medell\u00edn (Colombia) y la temporada<\/p>\n","protected":false},"author":2,"featured_media":8625,"comment_status":"open","ping_status":"open","sticky":false,"template":"","format":"standard","meta":{"footnotes":""},"categories":[1],"tags":[],"class_list":["post-8624","post","type-post","status-publish","format-standard","has-post-thumbnail","hentry","category-sin-categoria"],"_links":{"self":[{"href":"http:\/\/zonade3.com.ar\/blog\/wp-json\/wp\/v2\/posts\/8624","targetHints":{"allow":["GET"]}}],"collection":[{"href":"http:\/\/zonade3.com.ar\/blog\/wp-json\/wp\/v2\/posts"}],"about":[{"href":"http:\/\/zonade3.com.ar\/blog\/wp-json\/wp\/v2\/types\/post"}],"author":[{"embeddable":true,"href":"http:\/\/zonade3.com.ar\/blog\/wp-json\/wp\/v2\/users\/2"}],"replies":[{"embeddable":true,"href":"http:\/\/zonade3.com.ar\/blog\/wp-json\/wp\/v2\/comments?post=8624"}],"version-history":[{"count":1,"href":"http:\/\/zonade3.com.ar\/blog\/wp-json\/wp\/v2\/posts\/8624\/revisions"}],"predecessor-version":[{"id":8626,"href":"http:\/\/zonade3.com.ar\/blog\/wp-json\/wp\/v2\/posts\/8624\/revisions\/8626"}],"wp:featuredmedia":[{"embeddable":true,"href":"http:\/\/zonade3.com.ar\/blog\/wp-json\/wp\/v2\/media\/8625"}],"wp:attachment":[{"href":"http:\/\/zonade3.com.ar\/blog\/wp-json\/wp\/v2\/media?parent=8624"}],"wp:term":[{"taxonomy":"category","embeddable":true,"href":"http:\/\/zonade3.com.ar\/blog\/wp-json\/wp\/v2\/categories?post=8624"},{"taxonomy":"post_tag","embeddable":true,"href":"http:\/\/zonade3.com.ar\/blog\/wp-json\/wp\/v2\/tags?post=8624"}],"curies":[{"name":"wp","href":"https:\/\/api.w.org\/{rel}","templated":true}]}}