{"id":8664,"date":"2020-03-04T04:53:25","date_gmt":"2020-03-04T04:53:25","guid":{"rendered":"http:\/\/zonade3.com.ar.ar\/blog\/?p=8664"},"modified":"2020-03-04T04:53:25","modified_gmt":"2020-03-04T04:53:25","slug":"comenzaron-los-entrenamientos-de-mini-basquet-en-tiro-federal","status":"publish","type":"post","link":"http:\/\/zonade3.com.ar\/blog\/comenzaron-los-entrenamientos-de-mini-basquet-en-tiro-federal\/","title":{"rendered":"Comenzaron los entrenamientos de Mini Basquet en Tiro Federal"},"content":{"rendered":"<p>Con buena concurrencia iniciaron las clases de Mini B\u00e1squet . \u201cImplementamos un cambio de horario en la categor\u00eda Mosquitos para que puedan disfrutar de todos los deportes que ofrece nuestra instituci\u00f3n\u201d, destac\u00f3 Dami\u00e1n Borgogno coordinador deportivo del B\u00e1squet de TFDM.<br \/>\nPor otro lado coment\u00f3 que contamos con equipo profesional de profesores que trabajan la formaci\u00f3n e iniciaci\u00f3n deportiva. Adem\u00e1s de la disponibilidad de todo el estadio Vide Tealdi para la pr\u00e1ctica y entrenamientos.<br \/>\nHorarios y D\u00edas<br \/>\n\u2022 Ni\u00f1os y Ni\u00f1as de 5 y 6 a\u00f1os.<br \/>\n\u2022 Martes y jueves a las 17 horas en lugar de las 18 hs.<br \/>\n\u2022 Martes y jueves por la ma\u00f1ana a las 10.30 a 11.30 hs.<br \/>\n\u2022 Lunes, mi\u00e9rcoles y viernes de 18 a 19 horas en edades de 7 a 12 a\u00f1os.<\/p>\n","protected":false},"excerpt":{"rendered":"<p>Con buena concurrencia iniciaron las clases de Mini B\u00e1squet . \u201cImplementamos un cambio de horario en la categor\u00eda<\/p>\n","protected":false},"author":2,"featured_media":2807,"comment_status":"open","ping_status":"open","sticky":false,"template":"","format":"standard","meta":{"footnotes":""},"categories":[1],"tags":[],"class_list":["post-8664","post","type-post","status-publish","format-standard","has-post-thumbnail","hentry","category-sin-categoria"],"_links":{"self":[{"href":"http:\/\/zonade3.com.ar\/blog\/wp-json\/wp\/v2\/posts\/8664","targetHints":{"allow":["GET"]}}],"collection":[{"href":"http:\/\/zonade3.com.ar\/blog\/wp-json\/wp\/v2\/posts"}],"about":[{"href":"http:\/\/zonade3.com.ar\/blog\/wp-json\/wp\/v2\/types\/post"}],"author":[{"embeddable":true,"href":"http:\/\/zonade3.com.ar\/blog\/wp-json\/wp\/v2\/users\/2"}],"replies":[{"embeddable":true,"href":"http:\/\/zonade3.com.ar\/blog\/wp-json\/wp\/v2\/comments?post=8664"}],"version-history":[{"count":1,"href":"http:\/\/zonade3.com.ar\/blog\/wp-json\/wp\/v2\/posts\/8664\/revisions"}],"predecessor-version":[{"id":8665,"href":"http:\/\/zonade3.com.ar\/blog\/wp-json\/wp\/v2\/posts\/8664\/revisions\/8665"}],"wp:featuredmedia":[{"embeddable":true,"href":"http:\/\/zonade3.com.ar\/blog\/wp-json\/wp\/v2\/media\/2807"}],"wp:attachment":[{"href":"http:\/\/zonade3.com.ar\/blog\/wp-json\/wp\/v2\/media?parent=8664"}],"wp:term":[{"taxonomy":"category","embeddable":true,"href":"http:\/\/zonade3.com.ar\/blog\/wp-json\/wp\/v2\/categories?post=8664"},{"taxonomy":"post_tag","embeddable":true,"href":"http:\/\/zonade3.com.ar\/blog\/wp-json\/wp\/v2\/tags?post=8664"}],"curies":[{"name":"wp","href":"https:\/\/api.w.org\/{rel}","templated":true}]}}