{"id":8666,"date":"2020-03-04T05:00:22","date_gmt":"2020-03-04T05:00:22","guid":{"rendered":"http:\/\/zonade3.com.ar.ar\/blog\/?p=8666"},"modified":"2020-03-04T05:00:22","modified_gmt":"2020-03-04T05:00:22","slug":"liga-argentina-sportivo-america-sorprendio-a-central","status":"publish","type":"post","link":"http:\/\/zonade3.com.ar\/blog\/liga-argentina-sportivo-america-sorprendio-a-central\/","title":{"rendered":"Liga Argentina: Sportivo Am\u00e9rica sorprendi\u00f3 a Central"},"content":{"rendered":"<p>El Verde rosarino consigui\u00f3 en triunfazo, de visitante por primera vez en esta temporada y en Ceres. Fue 97-95 sobre Central Ol\u00edmpico en tiempo suplementario, con Thomas Cooper (27 puntos, 5 rebotes y 4 asistencias) y Hans Feder Ponce (27 tantos tambi\u00e9n y 4 rebotes) como figuras.<br \/>\nSportivo Am\u00e9rica se impuso por 97-95 en tiempo suplementario ante Central de Ceres, de visitante en el Ra\u00fal Braica. Fue un duelo entre rivales que buscan meterse en zona de playoffs, donde los rosarinos terminaron celebrando en una re\u00f1ida noche ante un Central que la luch\u00f3 pero no pudo volver al triunfo.<br \/>\nNo fue un juego determinante, pero puede marcar tendencia hacia el resto de la etapa regular, aunque haya distancia a\u00fan, en la tabla de posiciones y en favor de los ceresinos. La figura del partido fue Hans Feder Ponce, autor de 27 puntos siendo uno de los goleadores de la noche, pero tambi\u00e9n anotando el doble ganador en el \u00faltimo segundo de la pr\u00f3rroga para que los rosarinos terminasen celebrando.<br \/>\nEn Central, las bajas por lesiones y los rendimientos individuales por debajo de sus capacidades naturales, generaron un andar colectivo con sobresaltos durante la temporada. Esta noche se present\u00f3 sin Jos\u00e9 Peralta (problemas en su rodilla) pero s\u00ed con el regreso de Rodrigo Haag, aunque el santafesino tuvo pocos minutos en cancha en su vuelta (se hab\u00eda perdido los \u00faltimos 7 juegos, y el cuerpo t\u00e9cnico quiere llevarlo de a poco).<br \/>\nPero la situaci\u00f3n adversa para el Aurinegro comienza a tener un protagonista m\u00e1s, y es el estado de \u00e1nimo, porque cada traspi\u00e9 o situaci\u00f3n sin resolver favorablemente, hace mella en la mente del equipo. \u00abNecesitamos estar unidos y seguir poniendo lo mejor de cada uno, para poder dar vuelta este momento dif\u00edcil\u00bb, explic\u00f3 el capit\u00e1n Germ\u00e1n Gonz\u00e1lez.<br \/>\nPor su parte, Sportivo Am\u00e9rica jug\u00f3 un buen partido como equipo y hasta pudo haberlo ganado en los cuarenta minutos. Sin embargo fueron a suplementario y, aunque Central lo llev\u00f3 mejor que en el tiempo regular, en el cierre termin\u00f3 de pesar el mejor desempe\u00f1o de los rosarinos para que el equipo de Hugo Luna se lleve una victoria important\u00edsima.<br \/>\nPara el Verde rosarino fue su primera victoria de visitante en esta temporada. Previamente hab\u00eda perdido las anteriores 14 veces que jug\u00f3 en dicha condici\u00f3n durante esta 2019\/20, pero el dato de la victoria de hoy tiene un mayor peso si tomamos los registros de la temporada pasada.<br \/>\nEsto indicar\u00e1 que Am\u00e9rica no ganaba en la ruta desde el 1\u00b0 de febrero de 2019, m\u00e1s de un a\u00f1o sin ganar fuera de casa (68-66 a Tiro Federal en Morteros) y llegando a acumular 23 ca\u00eddas en rodeo ajeno.<br \/>\nEste martes en el Braica, Thomas Cooper volvi\u00f3 a ser el m\u00e1ximo del Verde, sumando 27 puntos, 5 rebotes y 4 asistencias. El extranjero fue bien secundado por Hans Feder Ponce, que tambi\u00e9n firm\u00f3 27 tantos (3\/4 en triples), 4 rebotes, 2 asistencias y 2 recuperos. Andr\u00e9s Meinero (15 puntos y 7 rebotes) y John Thomas (12 unidades y 9 rebotes) tuvieron su buen apartado.<br \/>\nPor su parte, en Central, lo mejor pas\u00f3 por Franco Ben\u00edtez (25 puntos), Germ\u00e1n Gonz\u00e1lez (23 tantos y 7 asistencias), el doble doble que consigui\u00f3 Tom\u00e1s Rossi (20 unidades y 10 rebotes) y Adriano Maretto (17 tantos). Haag, que como mencionamos volvi\u00f3 a tener lugar en la rotaci\u00f3n despu\u00e9s de varios partidos, estuvo 2:11 minutos en cancha.<br \/>\n<strong>S\u00edntesis:<\/strong><br \/>\nCentral (95): Adriano Maretto 17, Germ\u00e1n Gonz\u00e1lez 23, Jano Karabiti\u00e1n, Franco Ben\u00edtez 25 y Tom\u00e1s Rossi 18 (FI); Alejandro Madera 5, Leandro Faure 7, Juan Sebasti\u00e1n Gorosito 0, Rodrigo Haag 0, Lorenzo Manasero, Danilo Milanesio 0 y Benjam\u00edn Marchiaro. DT: Enrique Lancellotti.<br \/>\nSportivo Am\u00e9rica (97): Franco Pallotti 0, Mauro Gauna 6, Federico Giarraffa 10, Thomas Cooper 27 y Andr\u00e9s Meinero 15 (FI); John Thomas 12, Hans Feder Ponce 27, Francisco Zucalli, Alen Mansilla, Leandro Chorvat. DT: Hugo Luna.<br \/>\nParciales: 21-19, 21-29 (42-48), 18-19 (60-67), 26-19 (86-86) y 9-11 (95-97)<br \/>\n\u00c1rbitros: Ariel Rosas, Iv\u00e1n Andereggen, Alejandro Zanabone<br \/>\nEstadio: Ra\u00fal Braica (Ceres, Santa Fe)<br \/>\nFuente: Prensa CAO Ceres<\/p>\n","protected":false},"excerpt":{"rendered":"<p>El Verde rosarino consigui\u00f3 en triunfazo, de visitante por primera vez en esta temporada y en Ceres. Fue<\/p>\n","protected":false},"author":2,"featured_media":3049,"comment_status":"open","ping_status":"open","sticky":false,"template":"","format":"standard","meta":{"footnotes":""},"categories":[1],"tags":[],"class_list":["post-8666","post","type-post","status-publish","format-standard","has-post-thumbnail","hentry","category-sin-categoria"],"_links":{"self":[{"href":"http:\/\/zonade3.com.ar\/blog\/wp-json\/wp\/v2\/posts\/8666","targetHints":{"allow":["GET"]}}],"collection":[{"href":"http:\/\/zonade3.com.ar\/blog\/wp-json\/wp\/v2\/posts"}],"about":[{"href":"http:\/\/zonade3.com.ar\/blog\/wp-json\/wp\/v2\/types\/post"}],"author":[{"embeddable":true,"href":"http:\/\/zonade3.com.ar\/blog\/wp-json\/wp\/v2\/users\/2"}],"replies":[{"embeddable":true,"href":"http:\/\/zonade3.com.ar\/blog\/wp-json\/wp\/v2\/comments?post=8666"}],"version-history":[{"count":1,"href":"http:\/\/zonade3.com.ar\/blog\/wp-json\/wp\/v2\/posts\/8666\/revisions"}],"predecessor-version":[{"id":8667,"href":"http:\/\/zonade3.com.ar\/blog\/wp-json\/wp\/v2\/posts\/8666\/revisions\/8667"}],"wp:featuredmedia":[{"embeddable":true,"href":"http:\/\/zonade3.com.ar\/blog\/wp-json\/wp\/v2\/media\/3049"}],"wp:attachment":[{"href":"http:\/\/zonade3.com.ar\/blog\/wp-json\/wp\/v2\/media?parent=8666"}],"wp:term":[{"taxonomy":"category","embeddable":true,"href":"http:\/\/zonade3.com.ar\/blog\/wp-json\/wp\/v2\/categories?post=8666"},{"taxonomy":"post_tag","embeddable":true,"href":"http:\/\/zonade3.com.ar\/blog\/wp-json\/wp\/v2\/tags?post=8666"}],"curies":[{"name":"wp","href":"https:\/\/api.w.org\/{rel}","templated":true}]}}