{"id":8717,"date":"2020-03-16T20:40:12","date_gmt":"2020-03-16T20:40:12","guid":{"rendered":"http:\/\/zonade3.com.ar.ar\/blog\/?p=8717"},"modified":"2020-03-16T20:40:12","modified_gmt":"2020-03-16T20:40:12","slug":"la-cabb-suspendio-todas-sus-actividades","status":"publish","type":"post","link":"http:\/\/zonade3.com.ar\/blog\/la-cabb-suspendio-todas-sus-actividades\/","title":{"rendered":"La CABB suspendi\u00f3 todas sus actividades"},"content":{"rendered":"<p>A partir de este lunes 16 de marzo, la Confederaci\u00f3n Argentina de B\u00e1squet cierra su sede y suspende provisoriamente sus competiciones y concentraciones.<br \/>\nLa Confederaci\u00f3n Argentina de B\u00e1squet suspende desde este lunes 16 de marzo toda la actividad de selecciones nacionales, de acuerdo con la disposici\u00f3n de FIBA de suspender todas sus competiciones, considerando la situaci\u00f3n actual con el brote de Coronavirus (COVID-19) y para proteger la salud y la seguridad de los jugadores, entrenadores, \u00e1rbitros y aficionados.<br \/>\nEsto incluye las concentraciones en el CeNARD. Asimismo, en las \u00faltimas horas lleg\u00f3 la notificaci\u00f3n de la organizaci\u00f3n del torneo Albert Schweitzer para la categor\u00eda U18 masculina en Mannheim (Alemania), que cancel\u00f3 la presente edici\u00f3n (iba a desarrollarse del 11 al 18 de abril).<br \/>\nPor otra parte, tambi\u00e9n se suspende hasta nuevo aviso la realizaci\u00f3n de los Campeonatos Argentinos de federaciones y de clubes.<br \/>\nA ra\u00edz de varios cierres de clubes en diferentes puntos del pa\u00eds, acatando disposiciones locales, tambi\u00e9n se suspende el Torneo Federal de B\u00e1squet hasta el 31 de marzo.<br \/>\nAl igual que el Comit\u00e9 Ol\u00edmpico Argentino, en vistas de las nuevas disposiciones adoptadas en el d\u00eda de ayer por el Gobierno Nacional y en la b\u00fasqueda de la protecci\u00f3n sanitaria de nuestro personal y de quienes habitualmente concurren a nuestras oficinas, la CABB ha resuelto cerrar su sede hasta nuevo aviso, dejando una guardia m\u00ednima para atender las urgencias.<br \/>\nEl Comit\u00e9 de Crisis de CABB continuar\u00e1 monitoreando la situaci\u00f3n y evaluar\u00e1 los pasos a seguir, siempre avalando las decisiones de las entidades superiores y del Gobierno Nacional.<\/p>\n","protected":false},"excerpt":{"rendered":"<p>A partir de este lunes 16 de marzo, la Confederaci\u00f3n Argentina de B\u00e1squet cierra su sede y suspende<\/p>\n","protected":false},"author":2,"featured_media":1030,"comment_status":"open","ping_status":"open","sticky":false,"template":"","format":"standard","meta":{"footnotes":""},"categories":[1],"tags":[],"class_list":["post-8717","post","type-post","status-publish","format-standard","has-post-thumbnail","hentry","category-sin-categoria"],"_links":{"self":[{"href":"http:\/\/zonade3.com.ar\/blog\/wp-json\/wp\/v2\/posts\/8717","targetHints":{"allow":["GET"]}}],"collection":[{"href":"http:\/\/zonade3.com.ar\/blog\/wp-json\/wp\/v2\/posts"}],"about":[{"href":"http:\/\/zonade3.com.ar\/blog\/wp-json\/wp\/v2\/types\/post"}],"author":[{"embeddable":true,"href":"http:\/\/zonade3.com.ar\/blog\/wp-json\/wp\/v2\/users\/2"}],"replies":[{"embeddable":true,"href":"http:\/\/zonade3.com.ar\/blog\/wp-json\/wp\/v2\/comments?post=8717"}],"version-history":[{"count":1,"href":"http:\/\/zonade3.com.ar\/blog\/wp-json\/wp\/v2\/posts\/8717\/revisions"}],"predecessor-version":[{"id":8718,"href":"http:\/\/zonade3.com.ar\/blog\/wp-json\/wp\/v2\/posts\/8717\/revisions\/8718"}],"wp:featuredmedia":[{"embeddable":true,"href":"http:\/\/zonade3.com.ar\/blog\/wp-json\/wp\/v2\/media\/1030"}],"wp:attachment":[{"href":"http:\/\/zonade3.com.ar\/blog\/wp-json\/wp\/v2\/media?parent=8717"}],"wp:term":[{"taxonomy":"category","embeddable":true,"href":"http:\/\/zonade3.com.ar\/blog\/wp-json\/wp\/v2\/categories?post=8717"},{"taxonomy":"post_tag","embeddable":true,"href":"http:\/\/zonade3.com.ar\/blog\/wp-json\/wp\/v2\/tags?post=8717"}],"curies":[{"name":"wp","href":"https:\/\/api.w.org\/{rel}","templated":true}]}}