{"id":8725,"date":"2020-03-24T13:59:03","date_gmt":"2020-03-24T13:59:03","guid":{"rendered":"http:\/\/zonade3.com.ar.ar\/blog\/?p=8725"},"modified":"2020-03-24T13:59:03","modified_gmt":"2020-03-24T13:59:03","slug":"se-reprogramaron-los-juegos-olimpicos-para-2021","status":"publish","type":"post","link":"http:\/\/zonade3.com.ar\/blog\/se-reprogramaron-los-juegos-olimpicos-para-2021\/","title":{"rendered":"Se reprogramaron los Juegos Ol\u00edmpicos para 2021"},"content":{"rendered":"<p>Lo inform\u00f3 oficialmente este martes el COI y el Comit\u00e9 Organizador de Tokio 2020. \u00abLos Juegos de la XXXII Olimpiada en Tokio deben reprogramarse para una fecha posterior a 2020, pero no despu\u00e9s del verano de 2021\u00bb, asegur\u00f3 el comunicado.<br \/>\nEL PRESIDENTE DEL COMIT\u00c9 OL\u00cdMPICO INTERNACIONAL (COI), THOMAS BACH, Y EL PRIMER MINISTRO DE JAP\u00d3N, ABE SHINZO, REALIZARON UNA CONFERENCIA TELEF\u00d3NICA ESTA MA\u00d1ANA PARA DISCUTIR EL ENTORNO EN CONSTANTE CAMBIO CON RESPECTO A COVID-19 Y LOS JUEGOS OL\u00cdMPICOS DE TOKIO 2020.<br \/>\nA ellos se unieron Mori Yoshiro, presidente del Comit\u00e9 Organizador de Tokio 2020; el ministro ol\u00edmpico, Hashimoto Seiko; el gobernador de Tokio, Koike Yuriko; el presidente de la Comisi\u00f3n de Coordinaci\u00f3n del COI, John Coates; Director General del COI, Christophe De Kepper; y el Director Ejecutivo de los Juegos Ol\u00edmpicos del COI, Christophe Dubi.<br \/>\nEl presidente Bach y el primer ministro Abe expresaron su preocupaci\u00f3n compartida por la pandemia mundial de COVID-19, y lo que est\u00e1 haciendo en la vida de las personas y el impacto significativo que est\u00e1 teniendo en los preparativos de los atletas mundiales para los Juegos.<br \/>\nEn una reuni\u00f3n muy amigable y constructiva, los dos l\u00edderes elogiaron el trabajo del Comit\u00e9 Organizador de Tokio 2020 y se\u00f1alaron el gran progreso realizado en Jap\u00f3n para luchar contra COVID-19.<br \/>\nLa propagaci\u00f3n sin precedentes e impredecible del brote ha deteriorado la situaci\u00f3n en el resto del mundo. Ayer, el Director General de la Organizaci\u00f3n Mundial de la Salud (OMS), Tedros Adhanom Ghebreyesus, dijo que la pandemia de COVID-19 se est\u00e1 \u00abacelerando\u00bb. Ahora hay m\u00e1s de 375,000 casos registrados en todo el mundo y en casi todos los pa\u00edses, y su n\u00famero crece cada hora.<br \/>\nEn las circunstancias actuales y en base a la informaci\u00f3n proporcionada por la OMS, el Presidente del COI y el Primer Ministro de Jap\u00f3n han concluido que los Juegos de la XXXII Olimpiada en Tokio deben reprogramarse para una fecha posterior a 2020, pero no despu\u00e9s del verano de 2021. para salvaguardar la salud de los atletas, todos los involucrados en los Juegos Ol\u00edmpicos y la comunidad internacional.<br \/>\nLos l\u00edderes acordaron que los Juegos Ol\u00edmpicos de Tokio podr\u00edan ser un faro de esperanza para el mundo durante estos tiempos dif\u00edciles y que la llama ol\u00edmpica podr\u00eda convertirse en la luz al final del t\u00fanel en el que el mundo se encuentra actualmente. Por lo tanto, se acord\u00f3 que la llama ol\u00edmpica permanecer\u00e1 en Jap\u00f3n. Tambi\u00e9n se acord\u00f3 que los Juegos mantendr\u00e1n el nombre de Juegos Ol\u00edmpicos y Paral\u00edmpicos Tokio 2020.<\/p>\n","protected":false},"excerpt":{"rendered":"<p>Lo inform\u00f3 oficialmente este martes el COI y el Comit\u00e9 Organizador de Tokio 2020. \u00abLos Juegos de la<\/p>\n","protected":false},"author":2,"featured_media":8726,"comment_status":"open","ping_status":"open","sticky":false,"template":"","format":"standard","meta":{"footnotes":""},"categories":[1],"tags":[],"class_list":["post-8725","post","type-post","status-publish","format-standard","has-post-thumbnail","hentry","category-sin-categoria"],"_links":{"self":[{"href":"http:\/\/zonade3.com.ar\/blog\/wp-json\/wp\/v2\/posts\/8725","targetHints":{"allow":["GET"]}}],"collection":[{"href":"http:\/\/zonade3.com.ar\/blog\/wp-json\/wp\/v2\/posts"}],"about":[{"href":"http:\/\/zonade3.com.ar\/blog\/wp-json\/wp\/v2\/types\/post"}],"author":[{"embeddable":true,"href":"http:\/\/zonade3.com.ar\/blog\/wp-json\/wp\/v2\/users\/2"}],"replies":[{"embeddable":true,"href":"http:\/\/zonade3.com.ar\/blog\/wp-json\/wp\/v2\/comments?post=8725"}],"version-history":[{"count":1,"href":"http:\/\/zonade3.com.ar\/blog\/wp-json\/wp\/v2\/posts\/8725\/revisions"}],"predecessor-version":[{"id":8727,"href":"http:\/\/zonade3.com.ar\/blog\/wp-json\/wp\/v2\/posts\/8725\/revisions\/8727"}],"wp:featuredmedia":[{"embeddable":true,"href":"http:\/\/zonade3.com.ar\/blog\/wp-json\/wp\/v2\/media\/8726"}],"wp:attachment":[{"href":"http:\/\/zonade3.com.ar\/blog\/wp-json\/wp\/v2\/media?parent=8725"}],"wp:term":[{"taxonomy":"category","embeddable":true,"href":"http:\/\/zonade3.com.ar\/blog\/wp-json\/wp\/v2\/categories?post=8725"},{"taxonomy":"post_tag","embeddable":true,"href":"http:\/\/zonade3.com.ar\/blog\/wp-json\/wp\/v2\/tags?post=8725"}],"curies":[{"name":"wp","href":"https:\/\/api.w.org\/{rel}","templated":true}]}}