{"id":8736,"date":"2020-04-09T04:42:44","date_gmt":"2020-04-09T04:42:44","guid":{"rendered":"http:\/\/zonade3.com.ar.ar\/blog\/?p=8736"},"modified":"2020-04-09T04:42:44","modified_gmt":"2020-04-09T04:42:44","slug":"tiro-federal-y-9-de-julio-siguen-conectados","status":"publish","type":"post","link":"http:\/\/zonade3.com.ar\/blog\/tiro-federal-y-9-de-julio-siguen-conectados\/","title":{"rendered":"Tiro Federal y 9 de Julio siguen conectados"},"content":{"rendered":"<p>A pesar del Aislamiento Social, Preventivo y Obligatorio los t\u00e9cnicos, profesores y alumnos de Tiro Federal y 9 de Julio de Morteros siguen conectados y trabajando en la disciplina basquet.<br \/>\n\u201cEl equipo de profesores nuestro club organiza todas las semanas charlas v\u00eda aplicaci\u00f3n zoom, que permite v\u00eddeo conferencias con las categor\u00edas formativas y con el cuerpo t\u00e9cnico\u201d, explic\u00f3 Dami\u00e1n Borgogno, coordinador deportivo de Tiro Federal.<br \/>\n\u201cNuestro entrenador del equipo de Liga Argentina, tuvo una charla con las categor\u00edas U13 y U15. Adem\u00e1s, el cuerpo t\u00e9cnico hizo una conexi\u00f3n con el cuerpo t\u00e9cnico de Obras Sanitarias que lleva a cabo el mini b\u00e1squet en dicha instituci\u00f3n y el d\u00eda jueves se realizar\u00e1 una video conferencia con el entrenador Andreu Casedevall coordinador de canteras en Valencia Basket (Espa\u00f1a)\u201d, detall\u00f3 Borgogno. \u201cAdem\u00e1s sumaremos a entrenadores de la regi\u00f3n y seguiremos con un cronograma con varias disertaciones\u201d, finaliz\u00f3.<br \/>\nPor su parte, en 9 de Julio desde hace varias semanas los profesores est\u00e1n impartiendo clases virtuales con sus deportistas. El plantel del b\u00e1squet celeste entrena bajo la atenta mirada del profe Kevin Boscarol quien cont\u00f3 su experiencia basada en las redes sociales u otros \u00e1mbitos, manteniendo encuentros virtuales con los jugadores apelando a las herramientas tecnol\u00f3gicas de edici\u00f3n y difusi\u00f3n para cumplir los objetivos de estos entrenamientos espec\u00edficos.<\/p>\n","protected":false},"excerpt":{"rendered":"<p>A pesar del Aislamiento Social, Preventivo y Obligatorio los t\u00e9cnicos, profesores y alumnos de Tiro Federal y 9<\/p>\n","protected":false},"author":2,"featured_media":8737,"comment_status":"open","ping_status":"open","sticky":false,"template":"","format":"standard","meta":{"footnotes":""},"categories":[1],"tags":[],"class_list":["post-8736","post","type-post","status-publish","format-standard","has-post-thumbnail","hentry","category-sin-categoria"],"_links":{"self":[{"href":"http:\/\/zonade3.com.ar\/blog\/wp-json\/wp\/v2\/posts\/8736","targetHints":{"allow":["GET"]}}],"collection":[{"href":"http:\/\/zonade3.com.ar\/blog\/wp-json\/wp\/v2\/posts"}],"about":[{"href":"http:\/\/zonade3.com.ar\/blog\/wp-json\/wp\/v2\/types\/post"}],"author":[{"embeddable":true,"href":"http:\/\/zonade3.com.ar\/blog\/wp-json\/wp\/v2\/users\/2"}],"replies":[{"embeddable":true,"href":"http:\/\/zonade3.com.ar\/blog\/wp-json\/wp\/v2\/comments?post=8736"}],"version-history":[{"count":1,"href":"http:\/\/zonade3.com.ar\/blog\/wp-json\/wp\/v2\/posts\/8736\/revisions"}],"predecessor-version":[{"id":8738,"href":"http:\/\/zonade3.com.ar\/blog\/wp-json\/wp\/v2\/posts\/8736\/revisions\/8738"}],"wp:featuredmedia":[{"embeddable":true,"href":"http:\/\/zonade3.com.ar\/blog\/wp-json\/wp\/v2\/media\/8737"}],"wp:attachment":[{"href":"http:\/\/zonade3.com.ar\/blog\/wp-json\/wp\/v2\/media?parent=8736"}],"wp:term":[{"taxonomy":"category","embeddable":true,"href":"http:\/\/zonade3.com.ar\/blog\/wp-json\/wp\/v2\/categories?post=8736"},{"taxonomy":"post_tag","embeddable":true,"href":"http:\/\/zonade3.com.ar\/blog\/wp-json\/wp\/v2\/tags?post=8736"}],"curies":[{"name":"wp","href":"https:\/\/api.w.org\/{rel}","templated":true}]}}