{"id":8744,"date":"2020-04-13T14:59:38","date_gmt":"2020-04-13T14:59:38","guid":{"rendered":"http:\/\/zonade3.com.ar.ar\/blog\/?p=8744"},"modified":"2020-04-13T14:59:38","modified_gmt":"2020-04-13T14:59:38","slug":"a-pesar-de-la-pandemia-9-de-freyre-sigue-en-actividad-con-la-aplicacion-zoom","status":"publish","type":"post","link":"http:\/\/zonade3.com.ar\/blog\/a-pesar-de-la-pandemia-9-de-freyre-sigue-en-actividad-con-la-aplicacion-zoom\/","title":{"rendered":"A pesar de la pandemia, 9 de Freyre sigue en actividad con la aplicaci\u00f3n ZOOM"},"content":{"rendered":"<p>Con la incertidumbre que genera no saber cu\u00e1ndo volver\u00e1 la competencia, ni tampoco los entrenamientos en cancha, el \u201cpatrio\u201d de Freyre no quiere regalar tiempo, ni mucho menos desaprovecharlo. Todos los d\u00edas, cuando el reloj marca las 18:30, la aplicaci\u00f3n Zoom que tanta repercusi\u00f3n tom\u00f3 en estos \u00faltimos tiempos se pinta de celeste y blanco.<br \/>\nEduardo Blengini, con sus auriculares puestos \u201cpispea\u201d quienes se van conectando; el profe Germ\u00e1n Baldo se frota las manos con la ansiedad de largar otra vez con la planificaci\u00f3n, con toques creativos, para que puedan desarrollarlo en sus peque\u00f1os espacios.<br \/>\nSon jugadores, algunos de 2 metros de estatura que tienen que saltar sin pegarle al tender de la ropa o al plaf\u00f3n del living comedor. Igualmente, todos tienen la misma ilusi\u00f3n, que esta pandemia pase con la menor cantidad de v\u00edctimas posibles y que puede llegar el momento de volver a jugar al b\u00e1squet.<br \/>\n\u201cNosotros en la medida que podemos seguimos entrenando todos los d\u00edas. Obviamente no es lo mismo, pero tratamos de no perder tanto la condici\u00f3n f\u00edsica y buscamos de alguna manera seguir unidos y en contacto. Nos vemos las caras, contamos algunas cosas y tratamos de poner buena onda a esta situaci\u00f3n\u201d, le cuenta a los colegas de DIARIOSPORTS, Eduardo Blengini.<br \/>\nEl 9 logr\u00f3 el ascenso al Federal y si bien tambi\u00e9n tendr\u00e1 que jugar Interasociativo, la tercera categor\u00eda a nivel nacional es el objetivo principal para este 2020, aunque los problemas conocidos pueden modificar absolutamente todo.<br \/>\n\u201cLa situaci\u00f3n es re dif\u00edcil, nosotros cuando podamos volver a pisar la cancha podemos tener un panorama m\u00e1s claro, nos preparamos para arrancar en septiembre, pero no sabemos que va a pasar, si esto se solucionar\u00e1, tratamos de mantenernos arriba. Claro est\u00e1 que habr\u00e1 un antes y un despu\u00e9s de todo esto; nosotros tenemos muchas ganas, la ilusi\u00f3n est\u00e1, pero despu\u00e9s se ver\u00e1 como ser\u00e1 la competencia, las ganas son muchas y nos prepararemos para eso\u201d, manifiesta \u201cMara\u201d.<br \/>\nPoder entrenar de esta manera no es sencillo, los pocos espacios, la falta de estimulaci\u00f3n de no poder contar con una pelota y tantos otros aspectos lleva a tener que aplicar t\u00e9cnicas que el profesor Baldo, seg\u00fan Blengini, tiene muy en claro: \u201cVarios tienen patio, entonces eso facilita. Algunos viven en espacios m\u00e1s chicos, pero se hacen el lugar. Germ\u00e1n Baldo est\u00e1 haciendo un trabajo impresionante, me sorprendo todos los d\u00edas de lo que presenta, tiene un compromiso y seriedad para sacarse el sombrero\u201d, explica.<br \/>\nPor \u00faltimo, Blengini confiesa que no solo se queda con los aspectos f\u00edsicos en esta cuarentena, sino que tambi\u00e9n aprovecha el tiempo para realizar ediciones de videos que van destinados de forma individual a sus dirigidos: \u201cTrabajamos mucho con videos tratando de acomodarnos a todos. De manera individual le mandamos videos para que sepan que es lo que nos gustar\u00eda que hagan, estamos aprovechando el tiempo para que no sea perdido, a cada uno le queremos hacer saber que queremos de ellos\u201d, concluye.<br \/>\nFuente: DiarioSports<\/p>\n","protected":false},"excerpt":{"rendered":"<p>Con la incertidumbre que genera no saber cu\u00e1ndo volver\u00e1 la competencia, ni tampoco los entrenamientos en cancha, el<\/p>\n","protected":false},"author":2,"featured_media":8271,"comment_status":"open","ping_status":"open","sticky":false,"template":"","format":"standard","meta":{"footnotes":""},"categories":[1],"tags":[],"class_list":["post-8744","post","type-post","status-publish","format-standard","has-post-thumbnail","hentry","category-sin-categoria"],"_links":{"self":[{"href":"http:\/\/zonade3.com.ar\/blog\/wp-json\/wp\/v2\/posts\/8744","targetHints":{"allow":["GET"]}}],"collection":[{"href":"http:\/\/zonade3.com.ar\/blog\/wp-json\/wp\/v2\/posts"}],"about":[{"href":"http:\/\/zonade3.com.ar\/blog\/wp-json\/wp\/v2\/types\/post"}],"author":[{"embeddable":true,"href":"http:\/\/zonade3.com.ar\/blog\/wp-json\/wp\/v2\/users\/2"}],"replies":[{"embeddable":true,"href":"http:\/\/zonade3.com.ar\/blog\/wp-json\/wp\/v2\/comments?post=8744"}],"version-history":[{"count":1,"href":"http:\/\/zonade3.com.ar\/blog\/wp-json\/wp\/v2\/posts\/8744\/revisions"}],"predecessor-version":[{"id":8745,"href":"http:\/\/zonade3.com.ar\/blog\/wp-json\/wp\/v2\/posts\/8744\/revisions\/8745"}],"wp:featuredmedia":[{"embeddable":true,"href":"http:\/\/zonade3.com.ar\/blog\/wp-json\/wp\/v2\/media\/8271"}],"wp:attachment":[{"href":"http:\/\/zonade3.com.ar\/blog\/wp-json\/wp\/v2\/media?parent=8744"}],"wp:term":[{"taxonomy":"category","embeddable":true,"href":"http:\/\/zonade3.com.ar\/blog\/wp-json\/wp\/v2\/categories?post=8744"},{"taxonomy":"post_tag","embeddable":true,"href":"http:\/\/zonade3.com.ar\/blog\/wp-json\/wp\/v2\/tags?post=8744"}],"curies":[{"name":"wp","href":"https:\/\/api.w.org\/{rel}","templated":true}]}}