{"id":8749,"date":"2020-04-28T15:41:25","date_gmt":"2020-04-28T15:41:25","guid":{"rendered":"http:\/\/zonade3.com.ar.ar\/blog\/?p=8749"},"modified":"2020-04-28T19:33:11","modified_gmt":"2020-04-28T19:33:11","slug":"pelussi-es-muy-probable-que-el-federal-y-la-liga-argentina-no-continuen","status":"publish","type":"post","link":"http:\/\/zonade3.com.ar\/blog\/pelussi-es-muy-probable-que-el-federal-y-la-liga-argentina-no-continuen\/","title":{"rendered":"Pelussi: \u00abEs muy probable que el Federal y la Liga Argentina no contin\u00faen\u00bb"},"content":{"rendered":"<p>Los colegas de TodoBasquet de C\u00f3rdoba Capital dialogaron con el actual Director Deportivo de la Confederaci\u00f3n Argentina de B\u00e1squetbol y Tesorero de la Asociaci\u00f3n de Clubes, el suardense Andr\u00e9s Pelussi. Tambi\u00e9n ex jugador de Atenas, Libertad y de la selecci\u00f3n Argentina.<br \/>\nAqu\u00ed te dejamos las frases m\u00e1s importantes de la charla:<br \/>\n\u201cTengo un mont\u00f3n de trabajo en este momento y adem\u00e1s sigo estudiando y capacit\u00e1ndome para seguir creciendo dentro de la CABB. La idea que tenemos es que contin\u00fae el Torneo Federal, pero siempre analizando las cosas positivas y negativas\u201d.<\/p>\n<p>\u201cQuiz\u00e1s haya modificaciones con respecto a la cantidad de equipos o quiz\u00e1s no. El presidente, Fabi\u00e1n Borro, siempre trabaja escuchando a todos por igual, analizando cu\u00e1les son las mejores opciones para mejorar cada d\u00eda el b\u00e1squet. Intentamos que torneo a torneo crezca el Federal\u201d<\/p>\n<p>\u201cLa econom\u00eda del pa\u00eds no ayud\u00f3 para nada desde que asumimos all\u00e1 por 2014. A pesar de eso, ning\u00fan equipo ha renunciado por problemas econ\u00f3micos. La amplia mayor\u00eda hoy en d\u00eda deben apenas un mes de trabajo, son pocos que deben m\u00e1s de 3 meses. Todos estamos en la misma mesa\u201d<\/p>\n<p>\u201cEs muy probable que el Federal y la Liga Argentina no contin\u00faen. Estamos en permanente contacto con el gobierno. La posici\u00f3n de los dirigentes de los clubes del Federal era una y a los 15 d\u00edas era otra. Los dirigentes, los jugadores, los \u00e1rbitros, todos estamos en contacto\u201d.<\/p>\n<p>\u201cLa Liga Nacional tiene compromisos contractuales y estamos viendo la posibilidad que deportivamente los equipos se clasifiquen a las competencias internacionales. No hay tanta diferencia con las categor\u00edas de ascenso. Si yo te digo algo hoy, quiz\u00e1s ma\u00f1ana te tengo que decir otra. La situaci\u00f3n es muy din\u00e1mica. Tenemos que tomar las mejores decisiones que no da\u00f1en a los clubes ni a las competencias\u201d.<\/p>\n<p>\u201cLlegu\u00e9 a Atenas a los 16 a\u00f1os y tuve la suerte de formar parte de grandes equipos. Fabri Oberto, Palladino, Labaque y muchos m\u00e1s con grandes carreras. En las formativas se trabajaba muy fuerte. Desde el preparador f\u00edsico, hasta los t\u00e9cnicos\u201d.<\/p>\n<p>\u201cDemostramos que \u00e9ramos un gran equipo, tanto en Francia como a nivel sudamericano. Todos, todos los a\u00f1os fuimos part\u00edcipes de las mejores ligas y ocupando siempre el podio. Lo importante de ese equipo era que eleg\u00edamos jugar juntos, porque ofertas ten\u00edamos todos, hasta de afuera<\/p>\n<p>\u201cEleg\u00edamos lo deportivo por encima de lo econ\u00f3mico y por eso triunfamos tanto. Pero eran otros tiempos. Hoy cambiaron las cosas. Yo siempre eleg\u00ed la continuidad de minutos porque sent\u00eda que me hac\u00eda mejor\u201d.<\/p>\n<p>\u201cEse Atenas fue un caso especial. Disfrut\u00e1bamos de convivir, de entrenar, de jugar, de Rub\u00e9n. Aprend\u00ed mucho de estrellas como Osella, el \u201cPichi\u201d, Milanesio, ellos me ense\u00f1aron a dar siempre lo mejor\u201d.<\/p>\n<p>\u201cEsa experiencia del Open McDonald\u2019s fue incre\u00edble. Jam\u00e1s pens\u00e9 que iba a estar en ese pa\u00eds, jugando ese torneo, con los monstruos de equipos que hab\u00eda, era impresionante. Tuve que pedir prestado un traje y corbata porque no ten\u00eda para la cena de gala\u201d.<\/p>\n<p>\u201cLe d\u00ed la mano a Michael Jordan, me saqu\u00e9 fotos con todos los jugadores de los Chicago Bulls. Le dimos un baile al campe\u00f3n de Italia y competimos palo a palo con el Olimpiacos en un partido incre\u00edble y estuvimos muy cerca de jugar la final con los Bulls\u201d.<\/p>\n<p>\u201cLos jugadores de la NBA nos vinieron a felicitar al vestuario, no lo pod\u00eda creer. El mism\u00edsimo David Stern felicit\u00f3 a nuestros dirigentes. Despu\u00e9s por el tercer puesto contra el PSG que era el anfitri\u00f3n le ganamos lo mismo ante 25 mil personas. Eso fue m\u00e1gico\u201d.<\/p>\n<p>\u201cTengo una hermana m\u00e9dica y est\u00e1 al frente de todo viste y eso me asusta. Hay que ser cuidadosos y respetuosos. En C\u00f3rdoba fui feliz y estar\u00e9 siempre agradecido de Atenas, de C\u00f3rdoba y de Felipe Labaque\u201d.<br \/>\nFuente: todobasquet.com.ar<\/p>\n","protected":false},"excerpt":{"rendered":"<p>Los colegas de TodoBasquet de C\u00f3rdoba Capital dialogaron con el actual Director Deportivo de la Confederaci\u00f3n Argentina de<\/p>\n","protected":false},"author":2,"featured_media":7516,"comment_status":"open","ping_status":"open","sticky":false,"template":"","format":"standard","meta":{"footnotes":""},"categories":[1],"tags":[],"class_list":["post-8749","post","type-post","status-publish","format-standard","has-post-thumbnail","hentry","category-sin-categoria"],"_links":{"self":[{"href":"http:\/\/zonade3.com.ar\/blog\/wp-json\/wp\/v2\/posts\/8749","targetHints":{"allow":["GET"]}}],"collection":[{"href":"http:\/\/zonade3.com.ar\/blog\/wp-json\/wp\/v2\/posts"}],"about":[{"href":"http:\/\/zonade3.com.ar\/blog\/wp-json\/wp\/v2\/types\/post"}],"author":[{"embeddable":true,"href":"http:\/\/zonade3.com.ar\/blog\/wp-json\/wp\/v2\/users\/2"}],"replies":[{"embeddable":true,"href":"http:\/\/zonade3.com.ar\/blog\/wp-json\/wp\/v2\/comments?post=8749"}],"version-history":[{"count":2,"href":"http:\/\/zonade3.com.ar\/blog\/wp-json\/wp\/v2\/posts\/8749\/revisions"}],"predecessor-version":[{"id":8751,"href":"http:\/\/zonade3.com.ar\/blog\/wp-json\/wp\/v2\/posts\/8749\/revisions\/8751"}],"wp:featuredmedia":[{"embeddable":true,"href":"http:\/\/zonade3.com.ar\/blog\/wp-json\/wp\/v2\/media\/7516"}],"wp:attachment":[{"href":"http:\/\/zonade3.com.ar\/blog\/wp-json\/wp\/v2\/media?parent=8749"}],"wp:term":[{"taxonomy":"category","embeddable":true,"href":"http:\/\/zonade3.com.ar\/blog\/wp-json\/wp\/v2\/categories?post=8749"},{"taxonomy":"post_tag","embeddable":true,"href":"http:\/\/zonade3.com.ar\/blog\/wp-json\/wp\/v2\/tags?post=8749"}],"curies":[{"name":"wp","href":"https:\/\/api.w.org\/{rel}","templated":true}]}}