{"id":8752,"date":"2020-04-29T19:28:59","date_gmt":"2020-04-29T19:28:59","guid":{"rendered":"http:\/\/zonade3.com.ar.ar\/blog\/?p=8752"},"modified":"2020-04-29T19:57:17","modified_gmt":"2020-04-29T19:57:17","slug":"se-da-por-finalizada-la-liga-argentina-y-el-torneo-federal","status":"publish","type":"post","link":"http:\/\/zonade3.com.ar\/blog\/se-da-por-finalizada-la-liga-argentina-y-el-torneo-federal\/","title":{"rendered":"Se da por finalizada la Liga Argentina y el Torneo Federal"},"content":{"rendered":"<p>El Comit\u00e9 de Crisis integrado por la Asociaci\u00f3n de Clubes de B\u00e1squetbol (AdC) y la Confederaci\u00f3n Argentina (CABB) comunica las medidas adoptadas por la emergencia sanitaria y el impacto del COVID-19 en las diferentes actividades.<br \/>\n<span style=\"font-size: 1.0625rem;\">El Comit\u00e9 de Crisis compuesto entre CABB y AdC, realiz\u00f3 durante la vigencia del aislamiento social, preventivo y obligatorio (ASPO) dispuesto por el Poder Ejecutivo Nacional, reuniones de trabajo con los clubes de todas las categor\u00edas y sus presidentes, (Liga Nacional, Liga Argentina, Torneo Federal y Liga Femenina). Adem\u00e1s se establecieron jornadas de trabajo con directivos de AdJ, Consejo Directivo de CABB, FIBA, Consubasquet, \u00e1rbitros, entrenadores y sponsors.<br \/>\n<\/span><span style=\"font-size: 1.0625rem;\">Desde el Comit\u00e9 de Crisis y el Departamento M\u00e9dico se hizo un monitoreo diario de la emergencia sanitaria provocada por el coronavirus. Y se trabaj\u00f3 junto con el Gobierno Nacional, los Estados Provinciales, Ministerios de Salud, Ministerio de Turismo y Deporte.<br \/>\n<\/span><span style=\"font-size: 1.0625rem;\">Tambi\u00e9n se fueron planificando proyectos de continuidad de los torneos por el Departamento de Competencias, que fueron informados a los clubes.<\/span><strong style=\"font-size: 1.0625rem;\"> Se est\u00e1 trabajando en los escenarios necesarios para completar la Liga Nacional.<\/strong><span style=\"font-size: 1.0625rem;\"> Con la premisa prioritaria que es la salud, y las recomendaciones del Ministerio de Salud, y del Ministerio de Turismo y Deportes.<br \/>\n<\/span><span style=\"font-size: 1.0625rem;\">La din\u00e1mica de gesti\u00f3n alcanzada y el trabajo en conjunto desarrollado, basado en la declaraci\u00f3n del COVID-19 como pandemia por la Organizaci\u00f3n Mundial de la Salud, las medias del Gobierno Nacional en pos de resguardar la salud p\u00fablica tales como el Aislamiento Social, Preventivo y Obligatorio y lo dispuesto por la FIBA, permite comunicar las siguientes medidas:<\/span><\/p>\n<p>1- <strong>Bajo la modalidad de \u00abterminaci\u00f3n temprana de la competencia\u00bb, se da por finalizada la temporada 2019-2020 de la Liga Argentina y el Torneo Federal sin ascensos ni descensos.<\/strong><br \/>\nAdoptar la gu\u00eda de principios aplicables al COVID-19 dictada por el BAT (Tribunal Arbitral de B\u00e1squet) de FIBA, del 20 de Abril de 2020.<br \/>\nLos mencionados principios consisten en:<br \/>\na) Garantizar la salud integral de los jugadores hasta tanto puedan acceder a su domicilio de residencia habitual.<br \/>\nb) Aplicar como est\u00e1ndar equitativo de cumplimiento de los contratos el \u00abesfuerzo compartido\u00bb entre jugadores, clubes y cuerpos t\u00e9cnicos.<br \/>\nc) Garantizar que los clubes acrediten el cumplimiento de sus obligaciones contractuales al 31 de marzo de 2020 antes del 31 de mayo de 2020.<br \/>\nd) Habilitar una instancia arbitral especial y transitoria en la Confederaci\u00f3n Argentina de B\u00e1squetbol para dirimir las controversias que puedan surgir entre los jugadores, clubes y cuerpos t\u00e9cnicos.<\/p>\n<p>2- Terminaci\u00f3n temprana de las competencias. Se firm\u00f3 el convenio entre CABB &#8211; ADC &#8211; ADJ. En las pr\u00f3ximas horas, las organizaciones convocar\u00e1n a los clubes a reuniones virtuales para informar los alcances de dicho convenio.<\/p>\n<p>3- Se ratifica la decisi\u00f3n de continuar la temporada 2019-2020 de la Liga Nacional. Por este motivo se convoca al Comit\u00e9 de Presidentes de Categor\u00eda A, para avanzar en el acuerdo general y gestionar la forma de definici\u00f3n de la Liga Nacional.<\/p>\n<p>4- No comenzar\u00e1 la temporada 2020 acordada de la Liga Femenina.<\/p>\n<p>5- El Departamento M\u00e9dico presidido por el Dr. Diego Grippo est\u00e1 desarrollando un protocolo de regreso a las pr\u00e1cticas bajo las normativas de la O.M.S y del Ministerio de Salud.<\/p>\n<p>6- CABB y ADC comenzar\u00e1n a trabajar en los pr\u00f3ximos d\u00edas el armando de los calendarios de la temporada 2020-2021 de la Liga Argentina y el Torneo Federal y LFB . Se proyecta como fecha de inicio, fines de octubre de 2020.<\/p>\n","protected":false},"excerpt":{"rendered":"<p>El Comit\u00e9 de Crisis integrado por la Asociaci\u00f3n de Clubes de B\u00e1squetbol (AdC) y la Confederaci\u00f3n Argentina (CABB)<\/p>\n","protected":false},"author":2,"featured_media":8008,"comment_status":"open","ping_status":"open","sticky":false,"template":"","format":"standard","meta":{"footnotes":""},"categories":[1],"tags":[],"class_list":["post-8752","post","type-post","status-publish","format-standard","has-post-thumbnail","hentry","category-sin-categoria"],"_links":{"self":[{"href":"http:\/\/zonade3.com.ar\/blog\/wp-json\/wp\/v2\/posts\/8752","targetHints":{"allow":["GET"]}}],"collection":[{"href":"http:\/\/zonade3.com.ar\/blog\/wp-json\/wp\/v2\/posts"}],"about":[{"href":"http:\/\/zonade3.com.ar\/blog\/wp-json\/wp\/v2\/types\/post"}],"author":[{"embeddable":true,"href":"http:\/\/zonade3.com.ar\/blog\/wp-json\/wp\/v2\/users\/2"}],"replies":[{"embeddable":true,"href":"http:\/\/zonade3.com.ar\/blog\/wp-json\/wp\/v2\/comments?post=8752"}],"version-history":[{"count":3,"href":"http:\/\/zonade3.com.ar\/blog\/wp-json\/wp\/v2\/posts\/8752\/revisions"}],"predecessor-version":[{"id":8755,"href":"http:\/\/zonade3.com.ar\/blog\/wp-json\/wp\/v2\/posts\/8752\/revisions\/8755"}],"wp:featuredmedia":[{"embeddable":true,"href":"http:\/\/zonade3.com.ar\/blog\/wp-json\/wp\/v2\/media\/8008"}],"wp:attachment":[{"href":"http:\/\/zonade3.com.ar\/blog\/wp-json\/wp\/v2\/media?parent=8752"}],"wp:term":[{"taxonomy":"category","embeddable":true,"href":"http:\/\/zonade3.com.ar\/blog\/wp-json\/wp\/v2\/categories?post=8752"},{"taxonomy":"post_tag","embeddable":true,"href":"http:\/\/zonade3.com.ar\/blog\/wp-json\/wp\/v2\/tags?post=8752"}],"curies":[{"name":"wp","href":"https:\/\/api.w.org\/{rel}","templated":true}]}}