{"id":8756,"date":"2020-04-30T14:46:21","date_gmt":"2020-04-30T14:46:21","guid":{"rendered":"http:\/\/zonade3.com.ar.ar\/blog\/?p=8756"},"modified":"2020-04-30T14:46:21","modified_gmt":"2020-04-30T14:46:21","slug":"se-retiro-gandolfo-simbolo-de-club-sportivo-suardi","status":"publish","type":"post","link":"http:\/\/zonade3.com.ar\/blog\/se-retiro-gandolfo-simbolo-de-club-sportivo-suardi\/","title":{"rendered":"Se retir\u00f3 Gandolfo, s\u00edmbolo de Club Sportivo Suardi"},"content":{"rendered":"<p>Luego de conocida la noticia de la cancelaci\u00f3n del Torneo Federal, el jugador de Club Sportivo Suardi, Leonardo Gandolfo, confirm\u00f3 su retiro de la actividad. El legendario capit\u00e1n del rojiblanco de Suardi hab\u00eda decidido poner punto final a su carrera cuando terminara la participaci\u00f3n en la tercera categor\u00eda del basquet nacional. Se lleva en su cuenta personal 6 t\u00edtulos en Primera Divisi\u00f3n y la alegr\u00eda reciente de la consagraci\u00f3n en la Asoc. Noroeste<br \/>\nEn sus redes sociales, Gandolfo dej\u00f3 un mensaje en torno a la emoci\u00f3n de su despedida pero tambi\u00e9n a la apertura de una nueva etapa.<br \/>\n\u00abParec\u00eda que este momento no iba a llegar nunca o que estaba muy lejos!! Pero si ya lleg\u00f3!!<br \/>\nFue una decisi\u00f3n pensada, planeada y charlada con la almohada durante un tiempo; con la llegada de Lolita todo fue m\u00e1s claro. Hoy finaliza mi humilde y hermosa carrera como jugador. Este deporte me lo hizo conocer Marcelo Casermeiro a \u00e9l le debo todo. Estaba sentado en una silla esperando que mi amigo \u00abNaza\u00bb Ferrero termine de entrenar, se acerca Marce y me dice ma\u00f1ana 18 hs venite&#8230; ni lo dude, al otro d\u00eda estuve ah\u00ed y as\u00ed por 28 a\u00f1os hasta hoy. Alegr\u00edas, tristezas, amistades, todo <a href=\"http:\/\/zonade3.com.ar.ar\/blog\/wp-content\/uploads\/2020\/04\/gandolfo.jpg\"><img loading=\"lazy\" decoding=\"async\" class=\"size-medium wp-image-8757 alignright\" src=\"http:\/\/zonade3.com.ar.ar\/blog\/wp-content\/uploads\/2020\/04\/gandolfo-251x300.jpg\" alt=\"\" width=\"251\" height=\"300\" srcset=\"http:\/\/zonade3.com.ar\/blog\/wp-content\/uploads\/2020\/04\/gandolfo-251x300.jpg 251w, http:\/\/zonade3.com.ar\/blog\/wp-content\/uploads\/2020\/04\/gandolfo.jpg 486w\" sizes=\"auto, (max-width: 251px) 100vw, 251px\" \/><\/a>pas\u00e9 por este deporte y por eso lo transforme en mi estilo de vida. Con mis amigos saboreamos los primeros campeonatos de inferiores y no me conformaba con eso, solo quer\u00eda salir campe\u00f3n en primera con mi club. Algo que es muy dif\u00edcil y no todos tienen la suerte de que les toque. Y si, se dio y m\u00e1s veces de las so\u00f1adas!! 13 vueltas 7 en inferiores y 6 en primera, dejando a Sportivo en lo m\u00e1s alto.<br \/>\nPero esto se logr\u00f3 por todos esos campeonatos que no aparecen en las vitrinas y no tienen estrellas, son esos los que te llevan a esforzarte el doble y sacrificarte mas para llegar all\u00e1 arriba.<br \/>\nYo lo \u00fanico que quer\u00eda hacer cuando pisaba la cancha era ganar dejando todo s\u00ed o si, para descansar y recuperarse de los raspones hab\u00eda tiempo!! Ja<br \/>\nYa en la etapa final mi objetivo era otro y mi responsabilidad tambi\u00e9n, ya estaba en mis planes la idea de ir dejando, entonces lo que buscaba era ayudar a Zurdo con los m\u00e1s jovenes para el futuro equipo de Primera Divisi\u00f3n, pero dentro de la cancha en el d\u00eda a d\u00eda y en los partidos, como lo hicieron los m\u00e1s \u00abviejos\u00bb conmigo en su \u00e9poca ( Zurdo, Ca\u00f1a,Caio, Gonza, Mosqui y Eduardo Blengini).<br \/>\nAhora quer\u00eda ayudarlos a crecer, y si !!! crecieron y como!!! Llevo su tiempo fue un proceso donde se vio el cambio, hoy ya est\u00e1n formados, llenos de talento y con mucha sangre para seguir dejando a Sportivo en lo m\u00e1s alto siempre. Por esta raz\u00f3n la decisi\u00f3n de retirarme fue muy sencilla, era ahora y por ac\u00e1!!.<br \/>\nGracias a todos los que me acompa\u00f1aron en este camino.<br \/>\nA mis viejos que viajaron a cada partido que jugu\u00e9. Y familia entera! Mi mujer por aguantarse locuras enojos fastidios y mucho m\u00e1s!! Pero siempre ah\u00ed apoyando en todo. A mis amigos de la vida siempre pendientes. Y mi Lolita que me avis\u00f3 cuando estaba por arrancar el entrenamiento que por ese d\u00eda no iba a ir a b\u00e1squet!! Ella ya no quer\u00eda seguir en la panza quer\u00eda ver pap\u00e1 jugando!!!<br \/>\nA Mi amigo Martin Borgogno, que me prometi\u00f3 que antes de que me retire iba a jugar con Sportivo en otro nivel y as\u00ed fue, un sue\u00f1o hecho realidad, jugar con mi club en una competencia nacional.<br \/>\nGracias y por \u00faltimo hagan que su hijo arranque un deporte! No para que lleguen a primera si o si, sino para que se diviertan, se llenen de valores para la vida y se formen como personas de bien para siempre!!<br \/>\nLeo Gandolfo #6<\/p>\n","protected":false},"excerpt":{"rendered":"<p>Luego de conocida la noticia de la cancelaci\u00f3n del Torneo Federal, el jugador de Club Sportivo Suardi, Leonardo<\/p>\n","protected":false},"author":2,"featured_media":27,"comment_status":"open","ping_status":"open","sticky":false,"template":"","format":"standard","meta":{"footnotes":""},"categories":[1],"tags":[],"class_list":["post-8756","post","type-post","status-publish","format-standard","has-post-thumbnail","hentry","category-sin-categoria"],"_links":{"self":[{"href":"http:\/\/zonade3.com.ar\/blog\/wp-json\/wp\/v2\/posts\/8756","targetHints":{"allow":["GET"]}}],"collection":[{"href":"http:\/\/zonade3.com.ar\/blog\/wp-json\/wp\/v2\/posts"}],"about":[{"href":"http:\/\/zonade3.com.ar\/blog\/wp-json\/wp\/v2\/types\/post"}],"author":[{"embeddable":true,"href":"http:\/\/zonade3.com.ar\/blog\/wp-json\/wp\/v2\/users\/2"}],"replies":[{"embeddable":true,"href":"http:\/\/zonade3.com.ar\/blog\/wp-json\/wp\/v2\/comments?post=8756"}],"version-history":[{"count":1,"href":"http:\/\/zonade3.com.ar\/blog\/wp-json\/wp\/v2\/posts\/8756\/revisions"}],"predecessor-version":[{"id":8758,"href":"http:\/\/zonade3.com.ar\/blog\/wp-json\/wp\/v2\/posts\/8756\/revisions\/8758"}],"wp:featuredmedia":[{"embeddable":true,"href":"http:\/\/zonade3.com.ar\/blog\/wp-json\/wp\/v2\/media\/27"}],"wp:attachment":[{"href":"http:\/\/zonade3.com.ar\/blog\/wp-json\/wp\/v2\/media?parent=8756"}],"wp:term":[{"taxonomy":"category","embeddable":true,"href":"http:\/\/zonade3.com.ar\/blog\/wp-json\/wp\/v2\/categories?post=8756"},{"taxonomy":"post_tag","embeddable":true,"href":"http:\/\/zonade3.com.ar\/blog\/wp-json\/wp\/v2\/tags?post=8756"}],"curies":[{"name":"wp","href":"https:\/\/api.w.org\/{rel}","templated":true}]}}