{"id":8759,"date":"2020-05-01T02:16:05","date_gmt":"2020-05-01T02:16:05","guid":{"rendered":"http:\/\/zonade3.com.ar.ar\/blog\/?p=8759"},"modified":"2020-05-01T02:16:05","modified_gmt":"2020-05-01T02:16:05","slug":"la-federacion-de-santa-fe-cancelo-la-copa-santa-fe-otras-resoluciones","status":"publish","type":"post","link":"http:\/\/zonade3.com.ar\/blog\/la-federacion-de-santa-fe-cancelo-la-copa-santa-fe-otras-resoluciones\/","title":{"rendered":"La Federaci\u00f3n de Santa Fe cancel\u00f3 la \u00abCopa Santa Fe\u00bb. Otras resoluciones"},"content":{"rendered":"<p>La Comisi\u00f3n Directiva de la Federaci\u00f3n de B\u00e1squet de la Provincia de Santa Fe comunica que se reuni\u00f3 en forma extraordinaria en fecha 28 de abril a trav\u00e9s del sistema de video conferencias Zoom, a fin de tratar varios temas, entre los cuales se encuentra la resoluci\u00f3n a adoptar respecto a los campeonatos que organiza.<br \/>\nInforma que como consecuencia de la fuerza mayor imperante en el pa\u00eds por la emergencia sanitaria que es de p\u00fablico conocimiento, y en consonancia con lo dispuesto por el gobierno nacional y provincial en cuanto a prorrogar el periodo de aislamiento en prevenci\u00f3n del contagio del (covid-19) Coronavirus, la Comisi\u00f3n Directiva de la FBPSF, por el voto un\u00e1nime de los integrantes comunicados.<br \/>\nRESUELVE:<br \/>\n1\u00b0) <strong>Dar por finalizado el Campeonato denominado Liga Provincial de Mayores Masculino \u201cCopa Santa Fe\u201d<\/strong><\/p>\n<p>2\u00b0) En relaci\u00f3n a los campeonatos interasociaciones de las distintas categor\u00edas que a la fecha de la reuni\u00f3n de la Comisi\u00f3n Directiva deb\u00edan haberse realizado y por los motivos expuestos no se concretaron,<strong> no se realizar\u00e1n en este a\u00f1o calendario.<\/strong><\/p>\n<p>3\u00b0) En relaci\u00f3n a los campeonatos interasociaciones de las distintas categor\u00edas, que a la fecha de la reuni\u00f3n de la Comisi\u00f3n Directiva est\u00e1n pendientes de realizaci\u00f3n, la disputa de estos quedar\u00e1 sujeta a la evoluci\u00f3n de las resoluciones emanadas de las autoridades Nacionales y Provinciales, respecto a la emergencia sanitaria.<\/p>\n<p>4\u00b0) Respecto a las competencias de clubes categor\u00edas formativas masculinos y mayores femeninos su disputa quedar\u00e1 sujeta a la evoluci\u00f3n de las resoluciones emanadas de las autoridades Nacionales y Provinciales, respecto a la emergencia sanitaria.<\/p>\n","protected":false},"excerpt":{"rendered":"<p>La Comisi\u00f3n Directiva de la Federaci\u00f3n de B\u00e1squet de la Provincia de Santa Fe comunica que se reuni\u00f3<\/p>\n","protected":false},"author":2,"featured_media":8116,"comment_status":"open","ping_status":"open","sticky":false,"template":"","format":"standard","meta":{"footnotes":""},"categories":[1],"tags":[],"class_list":["post-8759","post","type-post","status-publish","format-standard","has-post-thumbnail","hentry","category-sin-categoria"],"_links":{"self":[{"href":"http:\/\/zonade3.com.ar\/blog\/wp-json\/wp\/v2\/posts\/8759","targetHints":{"allow":["GET"]}}],"collection":[{"href":"http:\/\/zonade3.com.ar\/blog\/wp-json\/wp\/v2\/posts"}],"about":[{"href":"http:\/\/zonade3.com.ar\/blog\/wp-json\/wp\/v2\/types\/post"}],"author":[{"embeddable":true,"href":"http:\/\/zonade3.com.ar\/blog\/wp-json\/wp\/v2\/users\/2"}],"replies":[{"embeddable":true,"href":"http:\/\/zonade3.com.ar\/blog\/wp-json\/wp\/v2\/comments?post=8759"}],"version-history":[{"count":1,"href":"http:\/\/zonade3.com.ar\/blog\/wp-json\/wp\/v2\/posts\/8759\/revisions"}],"predecessor-version":[{"id":8760,"href":"http:\/\/zonade3.com.ar\/blog\/wp-json\/wp\/v2\/posts\/8759\/revisions\/8760"}],"wp:featuredmedia":[{"embeddable":true,"href":"http:\/\/zonade3.com.ar\/blog\/wp-json\/wp\/v2\/media\/8116"}],"wp:attachment":[{"href":"http:\/\/zonade3.com.ar\/blog\/wp-json\/wp\/v2\/media?parent=8759"}],"wp:term":[{"taxonomy":"category","embeddable":true,"href":"http:\/\/zonade3.com.ar\/blog\/wp-json\/wp\/v2\/categories?post=8759"},{"taxonomy":"post_tag","embeddable":true,"href":"http:\/\/zonade3.com.ar\/blog\/wp-json\/wp\/v2\/tags?post=8759"}],"curies":[{"name":"wp","href":"https:\/\/api.w.org\/{rel}","templated":true}]}}