{"id":8762,"date":"2020-05-04T12:40:44","date_gmt":"2020-05-04T12:40:44","guid":{"rendered":"http:\/\/zonade3.com.ar.ar\/blog\/?p=8762"},"modified":"2020-05-04T12:40:44","modified_gmt":"2020-05-04T12:40:44","slug":"30-anos-sin-palito","status":"publish","type":"post","link":"http:\/\/zonade3.com.ar\/blog\/30-anos-sin-palito\/","title":{"rendered":"30 a\u00f1os sin \u00abPalito\u00bb"},"content":{"rendered":"<p>Este domingo se cumplieron 30 a\u00f1os de la desaparici\u00f3n f\u00edsica del recordado Carlos \u00abPalito\u00bb Cerutti.<br \/>\n\u201cEl Palo\u201d Cerutti, naci\u00f3 en Morteros el 12 de febrero de 1969. El pivote que surgi\u00f3 deportivamente en 9 de Julio, debut\u00f3 en la Liga Nacional, para Atenas de C\u00f3rdoba. Palito lleg\u00f3 con 16 a\u00f1os a la Liga Nacional y debut\u00f3 en Atenas el 24 de agosto de 1985, en el triunfo contra Olimpo de Bah\u00eda Blanca por 119-79. En 1988, se consolid\u00f3 como el pivote titular y fue su consagraci\u00f3n definitiva, en la serie semifinal ante Pac\u00edfico de Bah\u00eda Blanca, ante las ausencias de H\u00e9ctor Campana y Germ\u00e1n Filloy.<br \/>\nEn la final ante River Plate, Cerutti brill\u00f3 y se qued\u00f3 con el MVP de la serie. Unos meses antes se hab\u00eda consagrado campe\u00f3n sudamericano con la selecci\u00f3n nacional.<br \/>\nEn cada gran consagraci\u00f3n de Atenas, se escucho el canto de la hinchada record\u00e1ndolo: \u201cSe siente, se siente, el Palo est\u00e1 presente\u201d. Y no solo el estadio del \u201cgriego cordob\u00e9s\u201d lleva su nombre, sino el estadio de su primer club, 9 de Julio de Morteros. Con el Griego fue tricampe\u00f3n de Liga (1987, 1988 y 1990, la \u00faltima post mortem). En su momento en 1989 y 1990 fue convocado para el Juego de las Estrellas, donde fue uno de los jugadores m\u00e1s destacados.<br \/>\nEsa noche de consagraci\u00f3n, en el Polideportivo General San Mart\u00edn, que hoy lleva su nombre a ra\u00edz de un reconocimiento que le hizo la Municipalidad de C\u00f3rdoba, estall\u00f3 entre l\u00e1grimas al grito de \u00abSe siente, se siente, el Palo est\u00e1 presente\u00bb.<br \/>\nCon 21 a\u00f1os, el 15 de abril de 1990, jug\u00f3 su \u00faltimo partido (104-100 a Echag\u00fce de Paran\u00e1), pero nadie se pod\u00eda imaginar que era su despedida. Carlos Cerutti falleci\u00f3 el 3 de mayo de 1990, pero el tr\u00e1gico accidente automovil\u00edstico fue trece d\u00edas antes. El 21 de abril, Cerutti iba a su ciudad natal en la provincia de C\u00f3rdoba, Morteros, con tres amigos, cuando el veh\u00edculo que conduc\u00eda impact\u00f3 contra un guardrail. Palito, como lo conoc\u00edan todos, fue internado, pero despu\u00e9s de casi dos semanas falleci\u00f3 en la ciudad de C\u00f3rdoba.<br \/>\nEn su redes sociales, 9 de Julio, el club que lo vio nacer dej\u00f3 un escrito: \u00abA 30 a\u00f1os.Siempre recordando a nuestro gran amigo y a nuestro \u00eddolo celeste. Siempre con nosotros, en nuestros corazones, en nuestro cielo y en nuestra cancha. No te podremos celebrar como nos gusta, picando la pelota con jugadores, ni\u00f1os y clubes de toda la zona. Pero apenas podamos te vamos a seguir homenajeando en nuestros encuentros. Estamos con vos para toda la vida PALITO\u00bb<\/p>\n","protected":false},"excerpt":{"rendered":"<p>Este domingo se cumplieron 30 a\u00f1os de la desaparici\u00f3n f\u00edsica del recordado Carlos \u00abPalito\u00bb Cerutti. \u201cEl Palo\u201d Cerutti,<\/p>\n","protected":false},"author":2,"featured_media":8763,"comment_status":"open","ping_status":"open","sticky":false,"template":"","format":"standard","meta":{"footnotes":""},"categories":[1],"tags":[],"class_list":["post-8762","post","type-post","status-publish","format-standard","has-post-thumbnail","hentry","category-sin-categoria"],"_links":{"self":[{"href":"http:\/\/zonade3.com.ar\/blog\/wp-json\/wp\/v2\/posts\/8762","targetHints":{"allow":["GET"]}}],"collection":[{"href":"http:\/\/zonade3.com.ar\/blog\/wp-json\/wp\/v2\/posts"}],"about":[{"href":"http:\/\/zonade3.com.ar\/blog\/wp-json\/wp\/v2\/types\/post"}],"author":[{"embeddable":true,"href":"http:\/\/zonade3.com.ar\/blog\/wp-json\/wp\/v2\/users\/2"}],"replies":[{"embeddable":true,"href":"http:\/\/zonade3.com.ar\/blog\/wp-json\/wp\/v2\/comments?post=8762"}],"version-history":[{"count":1,"href":"http:\/\/zonade3.com.ar\/blog\/wp-json\/wp\/v2\/posts\/8762\/revisions"}],"predecessor-version":[{"id":8764,"href":"http:\/\/zonade3.com.ar\/blog\/wp-json\/wp\/v2\/posts\/8762\/revisions\/8764"}],"wp:featuredmedia":[{"embeddable":true,"href":"http:\/\/zonade3.com.ar\/blog\/wp-json\/wp\/v2\/media\/8763"}],"wp:attachment":[{"href":"http:\/\/zonade3.com.ar\/blog\/wp-json\/wp\/v2\/media?parent=8762"}],"wp:term":[{"taxonomy":"category","embeddable":true,"href":"http:\/\/zonade3.com.ar\/blog\/wp-json\/wp\/v2\/categories?post=8762"},{"taxonomy":"post_tag","embeddable":true,"href":"http:\/\/zonade3.com.ar\/blog\/wp-json\/wp\/v2\/tags?post=8762"}],"curies":[{"name":"wp","href":"https:\/\/api.w.org\/{rel}","templated":true}]}}