{"id":8766,"date":"2020-05-13T03:45:54","date_gmt":"2020-05-13T03:45:54","guid":{"rendered":"http:\/\/zonade3.com.ar.ar\/blog\/?p=8766"},"modified":"2020-05-13T03:45:54","modified_gmt":"2020-05-13T03:45:54","slug":"cordoba-senales-e-intentos-de-flexibilizar-el-deporte","status":"publish","type":"post","link":"http:\/\/zonade3.com.ar\/blog\/cordoba-senales-e-intentos-de-flexibilizar-el-deporte\/","title":{"rendered":"C\u00f3rdoba: se\u00f1ales e intentos de flexibilizar el deporte"},"content":{"rendered":"<p>En la ma\u00f1ana del martes, el titular de la Agencia C\u00f3rdoba Deportes, Hector Oscar Campana, tuvo una reuni\u00f3n virtual con todas las federaciones provinciales para avanzar en los protocolos particulares de cada disciplina en la vuelta paulatina de la actividad deportiva.<br \/>\n\u00abLa verdad fue una reuni\u00f3n muy productiva, que dur\u00f3 algo m\u00e1s de dos horas, en el cual se pudieron expresar las diferentes voces del deporte de la Provincia de C\u00f3rdoba y conocer las realidades que les toca asumir a cada uno de ellos (federaciones, clubes, deportistas, ligas del interior, etc)\u00bb sostuvo el Pichi en sus redes sociales.<br \/>\n\u00abEn cuanto al procedimiento para la aprobaci\u00f3n de la pr\u00e1ctica, se trata de un trabajo mancomunado con las diferentes federaciones y, en el interior de la Provincia, con las \u00e1reas de deportes de los diferentes municipios, con los COE regionales y el COE central que es quien tiene la \u00faltima palabra para la autorizaci\u00f3n. Este es el comienzo del proceso de flexibilizaci\u00f3n del deporte en nuestra provincia\u00bb finaliz\u00f3.<\/p>\n","protected":false},"excerpt":{"rendered":"<p>En la ma\u00f1ana del martes, el titular de la Agencia C\u00f3rdoba Deportes, Hector Oscar Campana, tuvo una reuni\u00f3n<\/p>\n","protected":false},"author":2,"featured_media":8767,"comment_status":"open","ping_status":"open","sticky":false,"template":"","format":"standard","meta":{"footnotes":""},"categories":[1],"tags":[],"class_list":["post-8766","post","type-post","status-publish","format-standard","has-post-thumbnail","hentry","category-sin-categoria"],"_links":{"self":[{"href":"http:\/\/zonade3.com.ar\/blog\/wp-json\/wp\/v2\/posts\/8766","targetHints":{"allow":["GET"]}}],"collection":[{"href":"http:\/\/zonade3.com.ar\/blog\/wp-json\/wp\/v2\/posts"}],"about":[{"href":"http:\/\/zonade3.com.ar\/blog\/wp-json\/wp\/v2\/types\/post"}],"author":[{"embeddable":true,"href":"http:\/\/zonade3.com.ar\/blog\/wp-json\/wp\/v2\/users\/2"}],"replies":[{"embeddable":true,"href":"http:\/\/zonade3.com.ar\/blog\/wp-json\/wp\/v2\/comments?post=8766"}],"version-history":[{"count":1,"href":"http:\/\/zonade3.com.ar\/blog\/wp-json\/wp\/v2\/posts\/8766\/revisions"}],"predecessor-version":[{"id":8768,"href":"http:\/\/zonade3.com.ar\/blog\/wp-json\/wp\/v2\/posts\/8766\/revisions\/8768"}],"wp:featuredmedia":[{"embeddable":true,"href":"http:\/\/zonade3.com.ar\/blog\/wp-json\/wp\/v2\/media\/8767"}],"wp:attachment":[{"href":"http:\/\/zonade3.com.ar\/blog\/wp-json\/wp\/v2\/media?parent=8766"}],"wp:term":[{"taxonomy":"category","embeddable":true,"href":"http:\/\/zonade3.com.ar\/blog\/wp-json\/wp\/v2\/categories?post=8766"},{"taxonomy":"post_tag","embeddable":true,"href":"http:\/\/zonade3.com.ar\/blog\/wp-json\/wp\/v2\/tags?post=8766"}],"curies":[{"name":"wp","href":"https:\/\/api.w.org\/{rel}","templated":true}]}}