{"id":8809,"date":"2020-06-17T15:06:40","date_gmt":"2020-06-17T15:06:40","guid":{"rendered":"http:\/\/zonade3.com.ar.ar\/blog\/?p=8809"},"modified":"2020-06-17T15:06:40","modified_gmt":"2020-06-17T15:06:40","slug":"liga-nacional-se-da-por-finalizada-la-temporada-201920","status":"publish","type":"post","link":"http:\/\/zonade3.com.ar\/blog\/liga-nacional-se-da-por-finalizada-la-temporada-201920\/","title":{"rendered":"Liga Nacional: se da por finalizada la temporada 2019\/20"},"content":{"rendered":"<p>El Comit\u00e9 de Crisis AdC &#8211; CABB y Mesa Ejecutiva de la Asociaci\u00f3n de Clubes anuncian que bajo la modalidad de terminaci\u00f3n temprana de la competencia, se da por finalizada la temporada 2019\/20 de la Liga Nacional.<br \/>\nLuego de realizar las audiencias con el Ministro de Turismo y Deportes, Mat\u00edas Lammens, y las presentaciones de la Gu\u00eda b\u00e1sica para la pr\u00e1ctica de b\u00e1squetbol durante la pandemia y la Gu\u00eda de Competencias AdC, ante las autoridades nacionales, el Comit\u00e9 de Crisis conformado por AdC y CABB comunica que de acuerdo a la situaci\u00f3n actual que vive la Argentina en torno a la pandemia del coronavirus COVID-19, se da por finalizada la temporada 2019\/20 de la Liga Nacional de B\u00e1squetbol.<br \/>\nLa decisi\u00f3n administrativa en relaci\u00f3n a la presentaci\u00f3n del presidente de AdC, Gerardo Montenegro y del presidente de CABB, Fabi\u00e1n Borro, lleg\u00f3 luego de un trabajo mancomunado que desarroll\u00f3 el Comit\u00e9 de Crisis AdC &#8211; CABB con el Ministro de Turismo y Deportes, Mat\u00edas Lammens y especialistas del Ministerio de Salud integrantes de la Direcci\u00f3n Nacional de Control de Enfermedades Transmisibles.<br \/>\nLa medida confirmada por las autoridades se toma a partir de an\u00e1lisis de la situaci\u00f3n actual del pa\u00eds, con el objetivo de resguardar la salud p\u00fablica y evitar la circulaci\u00f3n entre provincias. Con la premisa de disminuir el riesgo potencial de trasladar el virus con la circulaci\u00f3n de las delegaciones.<br \/>\n\u00abLa prioridad en estos meses de gesti\u00f3n fue la salud de todos los participantes de la Liga Nacional y atender las sugerencias de los equipos profesionales. Desde el Comit\u00e9 de Crisis AdC &#8211; CABB le queremos agradecer al Ministro de Turismo y Deportes, Matias Lammens. En nombre de la Mesa Ejecutiva de AdC, le quiero dar las gracias a todos los clubes por el esfuerzo realizado. Lamentablemente no tenemos certezas para ampliar la espera y las sugerencias del Ministerio de Salud son claras. Por eso ya empezamos a trabajar para dise\u00f1ar la pr\u00f3xima temporada\u00bb, destac\u00f3 el presidente de AdC, Gerardo Montenegro.<br \/>\nBajo la modalidad de \u00abterminaci\u00f3n temprana de la competencia\u00bb, concluye la temporada 2019-2020 de la Liga Nacional, sin campe\u00f3n, ni descensos a la Liga Argentina.<br \/>\n\u201cLamentablemente la condici\u00f3n sanitaria general, de traslados, de circulaci\u00f3n de los equipos y locaci\u00f3n de algunos de ellos, impiden la posibilidad de finalizar La Liga teniendo un campe\u00f3n en la cancha. Nos vemos obligados a dar por cancelada la misma. Hicimos el esfuerzo todos juntos con la compa\u00f1\u00eda del Ministro de Turismo y Deportes, Mat\u00edas Lammens, pero las condiciones sanitarias lo impiden. Quiero agradecer a los clubes que participan y trabajan en todas las categor\u00edas. A futuro vamos a tener una Liga Nacional m\u00e1s fuerte y que de esto vamos a salir todos juntos y unidos como corresponde. No tengo dudas que vamos a salir fortalecidos, todos los clubes juntos, los dirigentes y toda la comunidad del b\u00e1squet\u201d, expres\u00f3 el presidente de CABB, Fabi\u00e1n Borro.<br \/>\nDurante todo este tiempo de gesti\u00f3n, el objetivo de la organizaci\u00f3n fue brindar las m\u00e1ximas garant\u00edas de preservar la salud para todos los jugadores, entrenadores, \u00e1rbitros y el resto de participantes de la competencia.<br \/>\n\u201cSabemos del esfuerzo y gesti\u00f3n que han realizado desde el Comit\u00e9 de Crisis para poder terminar la temporada, los jugadores siempre apoyaron esa voluntad. Es una pena la culminaci\u00f3n temprana, pero la realidad nos impone a actuar con responsabilidad y preservar ante todo la salud e integridad de todos los protagonistas\u201d, detall\u00f3 el presidente de AdJ, Michael Stura.<\/p>\n","protected":false},"excerpt":{"rendered":"<p>El Comit\u00e9 de Crisis AdC &#8211; CABB y Mesa Ejecutiva de la Asociaci\u00f3n de Clubes anuncian que bajo<\/p>\n","protected":false},"author":2,"featured_media":8810,"comment_status":"open","ping_status":"open","sticky":false,"template":"","format":"standard","meta":{"footnotes":""},"categories":[1],"tags":[],"class_list":["post-8809","post","type-post","status-publish","format-standard","has-post-thumbnail","hentry","category-sin-categoria"],"_links":{"self":[{"href":"http:\/\/zonade3.com.ar\/blog\/wp-json\/wp\/v2\/posts\/8809","targetHints":{"allow":["GET"]}}],"collection":[{"href":"http:\/\/zonade3.com.ar\/blog\/wp-json\/wp\/v2\/posts"}],"about":[{"href":"http:\/\/zonade3.com.ar\/blog\/wp-json\/wp\/v2\/types\/post"}],"author":[{"embeddable":true,"href":"http:\/\/zonade3.com.ar\/blog\/wp-json\/wp\/v2\/users\/2"}],"replies":[{"embeddable":true,"href":"http:\/\/zonade3.com.ar\/blog\/wp-json\/wp\/v2\/comments?post=8809"}],"version-history":[{"count":1,"href":"http:\/\/zonade3.com.ar\/blog\/wp-json\/wp\/v2\/posts\/8809\/revisions"}],"predecessor-version":[{"id":8811,"href":"http:\/\/zonade3.com.ar\/blog\/wp-json\/wp\/v2\/posts\/8809\/revisions\/8811"}],"wp:featuredmedia":[{"embeddable":true,"href":"http:\/\/zonade3.com.ar\/blog\/wp-json\/wp\/v2\/media\/8810"}],"wp:attachment":[{"href":"http:\/\/zonade3.com.ar\/blog\/wp-json\/wp\/v2\/media?parent=8809"}],"wp:term":[{"taxonomy":"category","embeddable":true,"href":"http:\/\/zonade3.com.ar\/blog\/wp-json\/wp\/v2\/categories?post=8809"},{"taxonomy":"post_tag","embeddable":true,"href":"http:\/\/zonade3.com.ar\/blog\/wp-json\/wp\/v2\/tags?post=8809"}],"curies":[{"name":"wp","href":"https:\/\/api.w.org\/{rel}","templated":true}]}}