{"id":8960,"date":"2020-09-23T03:23:07","date_gmt":"2020-09-23T03:23:07","guid":{"rendered":"http:\/\/zonade3.com.ar.ar\/blog\/?p=8960"},"modified":"2020-09-23T03:23:07","modified_gmt":"2020-09-23T03:23:07","slug":"fabian-borro-y-gerardo-montenegro-diran-presente-en-la-jornada-de-apreba","status":"publish","type":"post","link":"http:\/\/zonade3.com.ar\/blog\/fabian-borro-y-gerardo-montenegro-diran-presente-en-la-jornada-de-apreba\/","title":{"rendered":"Fabi\u00e1n Borro y Gerardo Montenegro dir\u00e1n presente en la Jornada de APREBA"},"content":{"rendered":"<p>El presidente de la CABB (foto) y el de la AdC estar\u00e1n en la apertura del evento aniversario, que tendr\u00e1 lugar el pr\u00f3ximo s\u00e1bado en forma virtual. Sergio Hern\u00e1ndez, el Coach Morales y Diego Grippo ser\u00e1n los disertantes. Los detalles.<br \/>\nCada vez falta menos para el segundo aniversario de la Asociaci\u00f3n de Prensa de B\u00e1squetbol de Argentina, que lo va a recibir con una JORNADA DE CAPACITACI\u00d3N que tendr\u00e1 lugar el pr\u00f3ximo s\u00e1bado 26 de septiembre a trav\u00e9s de un formato virtual y que sigue sumando la adhesi\u00f3n de los diferentes actores de nuestro deporte. Esta vez, la novedad es que Fabi\u00e1n Borro y Gerardo Montenegro van a ser parte del panel de apertura.<br \/>\nLos titulares de la CABB y de la Asociaci\u00f3n de Clubes van a abrir la jornada junto con Rub\u00e9n Mu\u00f1oz, el presidente de APREBA. Ser\u00e1 a partir de las 14 que dar\u00e1 inicio al evento, que contar\u00e1 con las disertaciones del \u00abCoach\u00bb Carlos Morales, de Sergio Hern\u00e1ndez y de Diego Grippo, tres oradores de primer nivel internacional.<br \/>\nEL CRONOGRAMA COMPLETO ES EL SIGUIENTE:<br \/>\nJornada de Capacitaci\u00f3n en B\u00e1squetbol APREBA 2020 \u2013 Segundo Aniversario \u2013 S\u00e1bado 26 de septiembre<br \/>\n14 hs: Apertura<br \/>\nFabi\u00e1n Borro (Presidente CABB), Gerardo Montenegro (Presidente AdC) y Rub\u00e9n Mu\u00f1oz (Presidente APREBA)<br \/>\n14.30 hs: \u00ab\u00bfPor qu\u00e9 una asociaci\u00f3n de prensa de b\u00e1squet?\u00bb<br \/>\nCarlos \u00abCoach\u00bb Morales (Analista de ESPN)<br \/>\n15.15 hs: \u00abDe China a Tokio, un viaje de selecci\u00f3n\u00bb<br \/>\nSergio Hern\u00e1ndez (DT selecci\u00f3n nacional)<br \/>\n16 hs: \u00abEl protocolo sanitario para el regreso del b\u00e1squet\u00bb<br \/>\nDiego Grippo (Director Departamento M\u00e9dico CABB y AdC)<br \/>\n17 hs: Cierre.<\/p>\n","protected":false},"excerpt":{"rendered":"<p>El presidente de la CABB (foto) y el de la AdC estar\u00e1n en la apertura del evento aniversario,<\/p>\n","protected":false},"author":2,"featured_media":8850,"comment_status":"open","ping_status":"open","sticky":false,"template":"","format":"standard","meta":{"footnotes":""},"categories":[1],"tags":[],"class_list":["post-8960","post","type-post","status-publish","format-standard","has-post-thumbnail","hentry","category-sin-categoria"],"_links":{"self":[{"href":"http:\/\/zonade3.com.ar\/blog\/wp-json\/wp\/v2\/posts\/8960","targetHints":{"allow":["GET"]}}],"collection":[{"href":"http:\/\/zonade3.com.ar\/blog\/wp-json\/wp\/v2\/posts"}],"about":[{"href":"http:\/\/zonade3.com.ar\/blog\/wp-json\/wp\/v2\/types\/post"}],"author":[{"embeddable":true,"href":"http:\/\/zonade3.com.ar\/blog\/wp-json\/wp\/v2\/users\/2"}],"replies":[{"embeddable":true,"href":"http:\/\/zonade3.com.ar\/blog\/wp-json\/wp\/v2\/comments?post=8960"}],"version-history":[{"count":1,"href":"http:\/\/zonade3.com.ar\/blog\/wp-json\/wp\/v2\/posts\/8960\/revisions"}],"predecessor-version":[{"id":8961,"href":"http:\/\/zonade3.com.ar\/blog\/wp-json\/wp\/v2\/posts\/8960\/revisions\/8961"}],"wp:featuredmedia":[{"embeddable":true,"href":"http:\/\/zonade3.com.ar\/blog\/wp-json\/wp\/v2\/media\/8850"}],"wp:attachment":[{"href":"http:\/\/zonade3.com.ar\/blog\/wp-json\/wp\/v2\/media?parent=8960"}],"wp:term":[{"taxonomy":"category","embeddable":true,"href":"http:\/\/zonade3.com.ar\/blog\/wp-json\/wp\/v2\/categories?post=8960"},{"taxonomy":"post_tag","embeddable":true,"href":"http:\/\/zonade3.com.ar\/blog\/wp-json\/wp\/v2\/tags?post=8960"}],"curies":[{"name":"wp","href":"https:\/\/api.w.org\/{rel}","templated":true}]}}