{"id":8962,"date":"2020-09-24T15:25:50","date_gmt":"2020-09-24T15:25:50","guid":{"rendered":"http:\/\/zonade3.com.ar.ar\/blog\/?p=8962"},"modified":"2020-09-24T15:25:50","modified_gmt":"2020-09-24T15:25:50","slug":"vuelven-los-entrenamientos","status":"publish","type":"post","link":"http:\/\/zonade3.com.ar\/blog\/vuelven-los-entrenamientos\/","title":{"rendered":"Vuelven los entrenamientos"},"content":{"rendered":"<p>El Poder Ejecutivo Nacional, a trav\u00e9s de la Decisi\u00f3n Administrativa 2020-1741, autoriz\u00f3 a que los equipos que participen de la pr\u00f3xima Liga Nacional comiencen a entrenarse a partir de la publicaci\u00f3n de la misma en el Bolet\u00edn Oficial.<br \/>\nEl jefe de Gabinete de Ministros, Santiago Cafiero, y el ministro de Salud, Gin\u00e9s Gonz\u00e1lez Garc\u00eda, firmaron este mi\u00e9rcoles la excepci\u00f3n para aquellas \u201cpersonas afectadas a la actividad de entrenamientos de la pr\u00f3xima Liga Nacional\u201d, siempre bajo el cumplimiento de estricto protocolo sanitario, seg\u00fan se describe en los art\u00edculos 1 y 2.<br \/>\nEl art\u00edculo N\u00b0 3 tambi\u00e9n except\u00faa a \u201caquellos clubes y gimnasios donde se realicen su entrenamiento deportivo las personas alcanzadas por el art\u00edculo N\u00b0 1, al s\u00f3lo efecto del desarrollo de la actividad exceptuada\u201d. El art\u00edculo N\u00b0 4 precisa sobre la higiene, distribuci\u00f3n de turnos y el \u00fanico desplazamiento de aquellas personas alcanzadas por esta presente medida para esta actividad exceptuada. Seg\u00fan precisa la Decisi\u00f3n Administrativa que adjuntamos, cada integrante de los equipos deber\u00e1 tramitar el Certificado Unico Habilitante para la Circulaci\u00f3n.<br \/>\nFabi\u00e1n Borro, presidente de la Confederaci\u00f3n Argentina, mostr\u00f3 su satisfacci\u00f3n por la noticia, tras semanas de muchas gestiones. \u201cEstoy muy feliz por este paso inicial, porque realmente hemos trabajado duro en conjunto para conseguirlo. Primero, quiero agradecerle al ministro Mat\u00edas Lammens por estar a nuestro lado, escucharnos y ayudarnos. Deseo destacar que tiene la sensibilidad del dirigente deportivo. Tambi\u00e9n quiero agradecer al ministro de Salud, Gin\u00e9s Gonz\u00e1lez Garc\u00eda, y al Jefe de Gabinete, Santiago Cafiero, por aprobar este regreso al trabajo de tantos involucrados. A partir de ahora seguiremos trabajando, sin pausa, para realizar las burbujas de la Liga y de FIBA, para que juegue nuestra Selecci\u00f3n. Dimos un gran paso, debemos seguir adelante\u201d, declar\u00f3.<br \/>\nGerardo Montenegro, presidente de Asociaci\u00f3n de Clubes, tambi\u00e9n dio su parecer. \u201cEs un gran paso, sin descuidar que lo primordial es la salud. Necesitamos que nuestros equipos puedan trabajar bajo los protocolos y cuidados necesarios, y est\u00e9n preparados para competir cuando la situaci\u00f3n epidemiolog\u00eda nos garantice comenzar con la Liga Nacional. Por lo pronto, les quiero agradecer en nombre de los clubes de la AdC al Jefe de Gabinete, Santiago Cafiero, el ministro de Salud, Gin\u00e9s Gonz\u00e1lez Garc\u00eda, y al ministro de Turismo y Deportes, Mat\u00edas Lammens, por escuchar nuestras necesidades y gestionar la vuelta al trabajo\u00bb, expres\u00f3.<\/p>\n<p>Informe: Prensa AdC &#8211; CABB<\/p>\n","protected":false},"excerpt":{"rendered":"<p>El Poder Ejecutivo Nacional, a trav\u00e9s de la Decisi\u00f3n Administrativa 2020-1741, autoriz\u00f3 a que los equipos que participen<\/p>\n","protected":false},"author":2,"featured_media":8810,"comment_status":"open","ping_status":"open","sticky":false,"template":"","format":"standard","meta":{"footnotes":""},"categories":[1],"tags":[],"class_list":["post-8962","post","type-post","status-publish","format-standard","has-post-thumbnail","hentry","category-sin-categoria"],"_links":{"self":[{"href":"http:\/\/zonade3.com.ar\/blog\/wp-json\/wp\/v2\/posts\/8962","targetHints":{"allow":["GET"]}}],"collection":[{"href":"http:\/\/zonade3.com.ar\/blog\/wp-json\/wp\/v2\/posts"}],"about":[{"href":"http:\/\/zonade3.com.ar\/blog\/wp-json\/wp\/v2\/types\/post"}],"author":[{"embeddable":true,"href":"http:\/\/zonade3.com.ar\/blog\/wp-json\/wp\/v2\/users\/2"}],"replies":[{"embeddable":true,"href":"http:\/\/zonade3.com.ar\/blog\/wp-json\/wp\/v2\/comments?post=8962"}],"version-history":[{"count":1,"href":"http:\/\/zonade3.com.ar\/blog\/wp-json\/wp\/v2\/posts\/8962\/revisions"}],"predecessor-version":[{"id":8963,"href":"http:\/\/zonade3.com.ar\/blog\/wp-json\/wp\/v2\/posts\/8962\/revisions\/8963"}],"wp:featuredmedia":[{"embeddable":true,"href":"http:\/\/zonade3.com.ar\/blog\/wp-json\/wp\/v2\/media\/8810"}],"wp:attachment":[{"href":"http:\/\/zonade3.com.ar\/blog\/wp-json\/wp\/v2\/media?parent=8962"}],"wp:term":[{"taxonomy":"category","embeddable":true,"href":"http:\/\/zonade3.com.ar\/blog\/wp-json\/wp\/v2\/categories?post=8962"},{"taxonomy":"post_tag","embeddable":true,"href":"http:\/\/zonade3.com.ar\/blog\/wp-json\/wp\/v2\/tags?post=8962"}],"curies":[{"name":"wp","href":"https:\/\/api.w.org\/{rel}","templated":true}]}}