{"id":8964,"date":"2020-09-26T14:40:11","date_gmt":"2020-09-26T14:40:11","guid":{"rendered":"http:\/\/zonade3.com.ar.ar\/blog\/?p=8964"},"modified":"2020-09-26T14:44:29","modified_gmt":"2020-09-26T14:44:29","slug":"informe-especial-las-ultimas-novedades-del-basquet-regional","status":"publish","type":"post","link":"http:\/\/zonade3.com.ar\/blog\/informe-especial-las-ultimas-novedades-del-basquet-regional\/","title":{"rendered":"Informe especial: Las \u00faltimas novedades del basquet regional"},"content":{"rendered":"<p>En los \u00faltimos d\u00edas, <strong>zonade3.com.ar<\/strong> estuvo indagando acerca de las conclusiones que dejaron las importantes reuniones, primero CABB-Asociaciones y luego la de la Asoc. Noroeste, en las que aparentemente se aclararon algunos puntos relacionados al destino de las actividades que se organizan en la regi\u00f3n.<br \/>\nLuego de la conmoci\u00f3n que gener\u00f3 el proyecto de reforma del Estatuto de la CABB, de las rispideces posteriores entre Ra\u00fal Foradori (Pte. De la Federaci\u00f3n de Santa Fe) y Fabi\u00e1n Borro (CABB) con explosivas declaraciones, citaci\u00f3n incluida del presidente federativo al Tribunal, versiones cruzadas sobre las cuentas de la Santafesina, entre otras situaciones, por lo menos en lo deportivo, todo parece aquietarse y encontrar su cauce normal.<br \/>\nEn su momento, Santa Fe y Entre R\u00edos hab\u00edan puesto el grito en el cielo ante el primer proyecto de reforma estatutaria, que si bien era necesaria, pero para ellos, quitaba autonom\u00eda e injerencia a las entidades organizativas. Luego del intenso debate que motiv\u00f3 entre 3 y 4 modificaciones al proyecto inicial, en el pr\u00f3ximo mes de octubre todo parece encaminarse a la aprobaci\u00f3n de un estatuto, si se quiere,\u00a0 \u00abconsensuado\u00bb.<br \/>\nEn ese camino, muchas fueron las versiones, entre ellas que los clubes podr\u00edan elegir unilateralmente d\u00f3nde jugar y por ende, se elevaron voces que manejaban la posibilidad de un potencial retorno de clubes como Sportivo Suardi o Uni\u00f3n (SG) al seno de la Asoc. Morterense y con eso, por ejemplo, aparec\u00eda en el horizonte la chance de una \u201cruptura\u201d en el Noroeste. Claro que las estructuras institucionales de la Asociaci\u00f3n y la Federaci\u00f3n implicaban que ese cambio de paradigma no fuera del todo f\u00e1cil.<br \/>\n\u00bfQu\u00e9 iba a pasar con la Asociaci\u00f3n, qu\u00e9 suerte correr\u00edan los torneos federativos que tanto resultado positivo le hab\u00edan dado a los clubes, ya sea en divisiones Menores como Mayores? \u00bfBajo qu\u00e9 orbita se desenvolver\u00edan los clubes? Si decidieran jugar en C\u00f3rdoba \u00bfQu\u00e9 Federaci\u00f3n iba a tener injerencia? Los clubes&#8230;\u00bftendr\u00edan que cambiar de Federaci\u00f3n? Estas preguntas y otras inc\u00f3gnitas salieron al debate p\u00fablico ante la variedad de las informaciones y comentarios.<br \/>\nSin embargo, en la reuni\u00f3n del viernes pasado que mantuvo la c\u00fapula de la CABB, representantes de Federaci\u00f3n y las 8 asociaciones santafesinas, se aclararon varias dudas y los dirigentes asociativos pudieron informar de primera mano al propio Fabi\u00e1n Borro y los suyos de los contextos espec\u00edficos y heterog\u00e9neos de cada regi\u00f3n.<br \/>\nEn resumen, la situaci\u00f3n se encamina a que todo siga igual en cuanto a los alcances organizativos de las Asociaciones y Federaciones que se siguen rigiendo por l\u00edmites provinciales y aglutinan a las entidades que ah\u00ed se desarrollan.<br \/>\nSeg\u00fan la informaci\u00f3n a la pudo acceder<strong> zonade3.com.ar,<\/strong> si un club quiere jugar en otra Asociaci\u00f3n lo puede hacer, pero deber\u00e1 tener el permiso de la asociaci\u00f3n de origen y de la Federaci\u00f3n, aunque no podr\u00e1 dejar de lado las obligaciones en su asociaci\u00f3n. Por supuesto que tambi\u00e9n deber\u00e1 tener el aval de la asociaci\u00f3n\/Federaci\u00f3n que lo reciba.<br \/>\nPor otro lado, la CABB va a tener incidencia donde las asociaciones y federaciones no est\u00e9n del todo en orden. El \u00f3rgano a aplicar ser\u00eda a trav\u00e9s de lo que se denomina una delegaci\u00f3n CABB. Esto no ocurrir\u00eda en la jurisdicci\u00f3n Santa Fe.<br \/>\nAsimismo, tambi\u00e9n la CABB pretende fomentar la regionalizaci\u00f3n de las competencias pero las facultades de las Federaciones siguen vigentes.<br \/>\nPor otra parte, en lo netamente referido a la Noroeste, se inform\u00f3 que, aunque no est\u00e1 confirmado, se adoptar\u00eda el cambio de categor\u00edas, ya sea U14\/16\/18\/21, si bien desde la CABB consideran interesante implementar el modelo espa\u00f1ol (hasta U17). No obstante, en la 8va. asociaci\u00f3n, algunos propusieron armar una especie de reserva de categor\u00eda mayores en lugar de una categor\u00eda U21. Adem\u00e1s, el Mini b\u00e1squet pasar\u00eda a ser competitivo y hay intenciones de hacerlo regionalizado.<br \/>\nEn otro orden, el 3&#215;3 cobrar\u00eda fuerza e intensidad para desarrollarse en las categor\u00edas menores, con entrenadores de diversos clubes como encargados de su desarrollo. Incluso se habla de una relaci\u00f3n Federaci\u00f3n de Santa Fe &#8211; Escuelas, bajo la supervisi\u00f3n del Ministerio de Educaci\u00f3n para fomentar la disciplina.<\/p>\n","protected":false},"excerpt":{"rendered":"<p>En los \u00faltimos d\u00edas, zonade3.com.ar estuvo indagando acerca de las conclusiones que dejaron las importantes reuniones, primero CABB-Asociaciones<\/p>\n","protected":false},"author":2,"featured_media":4427,"comment_status":"open","ping_status":"open","sticky":false,"template":"","format":"standard","meta":{"footnotes":""},"categories":[1],"tags":[],"class_list":["post-8964","post","type-post","status-publish","format-standard","has-post-thumbnail","hentry","category-sin-categoria"],"_links":{"self":[{"href":"http:\/\/zonade3.com.ar\/blog\/wp-json\/wp\/v2\/posts\/8964","targetHints":{"allow":["GET"]}}],"collection":[{"href":"http:\/\/zonade3.com.ar\/blog\/wp-json\/wp\/v2\/posts"}],"about":[{"href":"http:\/\/zonade3.com.ar\/blog\/wp-json\/wp\/v2\/types\/post"}],"author":[{"embeddable":true,"href":"http:\/\/zonade3.com.ar\/blog\/wp-json\/wp\/v2\/users\/2"}],"replies":[{"embeddable":true,"href":"http:\/\/zonade3.com.ar\/blog\/wp-json\/wp\/v2\/comments?post=8964"}],"version-history":[{"count":5,"href":"http:\/\/zonade3.com.ar\/blog\/wp-json\/wp\/v2\/posts\/8964\/revisions"}],"predecessor-version":[{"id":8969,"href":"http:\/\/zonade3.com.ar\/blog\/wp-json\/wp\/v2\/posts\/8964\/revisions\/8969"}],"wp:featuredmedia":[{"embeddable":true,"href":"http:\/\/zonade3.com.ar\/blog\/wp-json\/wp\/v2\/media\/4427"}],"wp:attachment":[{"href":"http:\/\/zonade3.com.ar\/blog\/wp-json\/wp\/v2\/media?parent=8964"}],"wp:term":[{"taxonomy":"category","embeddable":true,"href":"http:\/\/zonade3.com.ar\/blog\/wp-json\/wp\/v2\/categories?post=8964"},{"taxonomy":"post_tag","embeddable":true,"href":"http:\/\/zonade3.com.ar\/blog\/wp-json\/wp\/v2\/tags?post=8964"}],"curies":[{"name":"wp","href":"https:\/\/api.w.org\/{rel}","templated":true}]}}