{"id":8971,"date":"2020-09-28T22:47:20","date_gmt":"2020-09-28T22:47:20","guid":{"rendered":"http:\/\/zonade3.com.ar.ar\/blog\/?p=8971"},"modified":"2020-09-28T22:47:38","modified_gmt":"2020-09-28T22:47:38","slug":"sportivo-suardi-confirmo-su-participacion-en-el-torneo-federal","status":"publish","type":"post","link":"http:\/\/zonade3.com.ar\/blog\/sportivo-suardi-confirmo-su-participacion-en-el-torneo-federal\/","title":{"rendered":"Sportivo Suardi confirm\u00f3 su participaci\u00f3n en el Torneo Federal"},"content":{"rendered":"<p>Sportivo Suardi confirm\u00f3 la participaci\u00f3n en el pr\u00f3ximo Torneo Federal de Basquet. Andr\u00e9s Poi, t\u00e9cnico del primer equipo, da conocer lo que se pudo realizar en este a\u00f1o y las expectativas para lo que viene. Ya confirmaron<strong> la continuidad del santiague\u00f1o Esteban Ledesma <\/strong>y ser\u00e1 baja<strong> Agust\u00edn Pautasso quien arregl\u00f3 su v\u00ednculo con Independiente de Oliva.<br \/>\n\u00bfA\u00f1o dif\u00edcil para los deportes, como lo manejaron ustedes desde el cuerpo t\u00e9cnico?<\/strong><br \/>\nUn a\u00f1o muy at\u00edpico y anormal, pudimos capacitarnos, tratando de perfeccionarse, de refrescar situaciones y conceptos, lo que es muy dif\u00edcil durante la vor\u00e1gine que nos lleva la competencia y en cuanto al trabajo tratamos de mantener los jugadores activos, mediante zoom, videos, entrenamiento individual y luego de la habilitaci\u00f3n municipal pudimos lograr cierta normalidad con entrenamientos de cancha.<br \/>\n<strong>Sportivo confirm\u00f3 la participaci\u00f3n en el pr\u00f3ximo Federal, \u00bfcomenzaron ya a buscar opciones de refuerzos?<\/strong><br \/>\nEs muy importante y fundamental para la continuidad del proceso deportivo la continuidad dentro de la competencia, con un gran esfuerzo dirigencial, da mucha tranquilidad y aumenta el desaf\u00edo de estar seguir creciendo y consolid\u00e1ndose dentro del torneo. Y esperando definiciones de forma de disputa, fecha de inicio, fichas mayores para a partir de ah\u00ed iniciar con el armado del plantel, mientras tanto hay sondeos y una idea de equipo.<br \/>\n<b>\u00bfConsideras\u00a0a varios jugadores del club con minutos en cancha en el pr\u00f3ximo torneo, de acuerdo a lo que ellos mostraron en el Torneo local y Federal.?<\/b><br \/>\nEs uno de los puntos principales del proceso deportivo de la actividad y de participaci\u00f3n del torneo, potenciar las bases, profesionalizando \u00e1reas dando participaci\u00f3n a los j\u00f3venes de la instituci\u00f3n, los cuales deben redoblar esfuerzos y compromiso para estar a la altura del torneo.<br \/>\n<b>\u00bfQu\u00e9\u00a0sensaci\u00f3n te deja tener un cuerpo t\u00e9cnico con todos componentes de Suardi, y con paso deportivo por el club.?<\/b><br \/>\nHermosa sensaci\u00f3n y orgullo, crecieron dentro del club, siendo jugadores de la instituci\u00f3n con un gran sentido de pertenencia y deseos de crecimiento. Los he dirigido, entrenado, compartimos el camino y que hoy estemos trabajando juntos me llena de orgullo y satisfacci\u00f3n porque los conozco, se de su capacidad y son vitales en el continuo crecimiento de la actividad.<br \/>\nFuente: Prensa Club Sportivo<\/p>\n","protected":false},"excerpt":{"rendered":"<p>Sportivo Suardi confirm\u00f3 la participaci\u00f3n en el pr\u00f3ximo Torneo Federal de Basquet. Andr\u00e9s Poi, t\u00e9cnico del primer equipo,<\/p>\n","protected":false},"author":2,"featured_media":8680,"comment_status":"open","ping_status":"open","sticky":false,"template":"","format":"standard","meta":{"footnotes":""},"categories":[1],"tags":[],"class_list":["post-8971","post","type-post","status-publish","format-standard","has-post-thumbnail","hentry","category-sin-categoria"],"_links":{"self":[{"href":"http:\/\/zonade3.com.ar\/blog\/wp-json\/wp\/v2\/posts\/8971","targetHints":{"allow":["GET"]}}],"collection":[{"href":"http:\/\/zonade3.com.ar\/blog\/wp-json\/wp\/v2\/posts"}],"about":[{"href":"http:\/\/zonade3.com.ar\/blog\/wp-json\/wp\/v2\/types\/post"}],"author":[{"embeddable":true,"href":"http:\/\/zonade3.com.ar\/blog\/wp-json\/wp\/v2\/users\/2"}],"replies":[{"embeddable":true,"href":"http:\/\/zonade3.com.ar\/blog\/wp-json\/wp\/v2\/comments?post=8971"}],"version-history":[{"count":2,"href":"http:\/\/zonade3.com.ar\/blog\/wp-json\/wp\/v2\/posts\/8971\/revisions"}],"predecessor-version":[{"id":8973,"href":"http:\/\/zonade3.com.ar\/blog\/wp-json\/wp\/v2\/posts\/8971\/revisions\/8973"}],"wp:featuredmedia":[{"embeddable":true,"href":"http:\/\/zonade3.com.ar\/blog\/wp-json\/wp\/v2\/media\/8680"}],"wp:attachment":[{"href":"http:\/\/zonade3.com.ar\/blog\/wp-json\/wp\/v2\/media?parent=8971"}],"wp:term":[{"taxonomy":"category","embeddable":true,"href":"http:\/\/zonade3.com.ar\/blog\/wp-json\/wp\/v2\/categories?post=8971"},{"taxonomy":"post_tag","embeddable":true,"href":"http:\/\/zonade3.com.ar\/blog\/wp-json\/wp\/v2\/tags?post=8971"}],"curies":[{"name":"wp","href":"https:\/\/api.w.org\/{rel}","templated":true}]}}