{"id":8979,"date":"2020-10-04T03:23:05","date_gmt":"2020-10-04T03:23:05","guid":{"rendered":"http:\/\/zonade3.com.ar.ar\/blog\/?p=8979"},"modified":"2020-10-04T03:23:05","modified_gmt":"2020-10-04T03:23:05","slug":"scola-la-gente-que-esta-en-cabb-ahora-y-yo-no-tenemos-nada-que-ver-en-lo-absoluto","status":"publish","type":"post","link":"http:\/\/zonade3.com.ar\/blog\/scola-la-gente-que-esta-en-cabb-ahora-y-yo-no-tenemos-nada-que-ver-en-lo-absoluto\/","title":{"rendered":"Scola: \u00abLa gente que est\u00e1 en CABB ahora y yo no tenemos nada que ver en lo absoluto\u00bb"},"content":{"rendered":"<p>El regreso a la actividad le brinda a Luis Scola otra oportunidad de acercarse a un nuevo objetivo en su carrera. Ahora en el Pallacanestro Varese, a media hora de su familia que se encuentra en Milano.<br \/>\nPorque han cambiado las prioridades para el jugador de la Selecci\u00f3n Argentina, pero su forma de vivir el b\u00e1squet es exactamente con la misma pasi\u00f3n y el compromiso de pensar hacia adelante.<br \/>\n\u201cTuve esa fluctuaci\u00f3n de inter\u00e9s por la pandemia como le pas\u00f3 casi a todos, donde te la pasas leyendo constantemente sobre el tema y est\u00e1s casi obsesionado con lo que se dice\u201d, remarca Luis.<br \/>\nScola mantiene su impronta y plantea una postura firme en cada una de sus respuestas. Para hablar de la pandemia, de las decisiones en el final de una trayectoria brillante, de la CABB y de los dirigentes del pasado.<br \/>\n<strong>\u2013 \u00bfC\u00f3mo te encuentra el retorno a la actividad durante una nueva normalidad? \u00bfTodo se hace m\u00e1s complicado en la vida cotidiana?<br \/>\n<\/strong>\u2013 Al principio de la pandemia s\u00ed, pero ahora mismo la verdad que no. Est\u00e1 todo muy tranquilo en Italia y no tenemos ninguna restricci\u00f3n de movimiento ni nada en particular. En el club estamos todos testeados, lo cual no hay que utilizar barbijo constantemente y tampoco hay medidas particulares. La mayor\u00eda de los viajes para ir a jugar de visita son cortos. Est\u00e1 bastante f\u00e1cil el tema. Otra cosa es aquellos jugadores que est\u00e1n jugando Euroliga, tengo amigos que ahora la est\u00e1n jugando y es un poquito m\u00e1s complicado. Pero en Italia estamos muy tranquilos, no te digo normal pero muy cerca a la normalidad.<br \/>\n<strong>\u2013 \u00bfCu\u00e1nto te est\u00e1s informando con la situaci\u00f3n que se vive a nivel mundial? Me refiero a cu\u00e1l es la capacidad de informaci\u00f3n que le entregas al tema hoy en d\u00eda.<br \/>\n<\/strong>\u2013 Por ese tema tuve esa fluctuaci\u00f3n de inter\u00e9s como le pas\u00f3 casi a todos, donde te la pasas leyendo constantemente sobre el tema y est\u00e1s casi obsesionado con lo que se dice. En Italia no te puedo decir que termin\u00f3, pero este momento no tiene nada que ver a lo que vivimos en marzo. Estamos haciendo absolutamente todo. Se puede viajar, ir a un restaurante y los chicos est\u00e1n en la escuela. Es decir, no te digo que estamos en la normalidad al ciento por ciento, pero estamos muy cerca de esa cierta normalidad. S\u00ed seguimos mirando la informaci\u00f3n en otros pa\u00edses con mucho inter\u00e9s. Ahora no nos toca que pasemos por restricciones, pero siempre trato de estar informado en pa\u00edses donde tengo familias y amigos.<br \/>\n<strong>\u2013 En Argentina se viven los momentos m\u00e1s intensos con el Coronavirus. Quiz\u00e1s tambi\u00e9n uno trata de captar la informaci\u00f3n necesaria, m\u00e1s que nada por la familia uno sabe lo que sucede.<\/strong><br \/>\n\u2013 No soy especialista para contestar de esto ni estoy ah\u00ed para saberlo. Ac\u00e1 hubo un punto de saturaci\u00f3n de informaci\u00f3n, donde era un monotema pasando varios meses hablando de lo mismo. Y era l\u00f3gico porque no pod\u00edamos salir a la calle. Igualmente, en Italia nunca le dejaron de prestar atenci\u00f3n al tema. La ola de contagios en pa\u00edses vecinos creo que revivi\u00f3 la preocupaci\u00f3n por un segundo brote.<br \/>\n<strong>\u2013 \u00bfCu\u00e1ndo saliste del Olimpia Milano se dio exclusivamente por una cuesti\u00f3n personal?<br \/>\n<\/strong>\u2013 Yo no ten\u00eda el deseo de jugar en una liga donde haya tantos partidos y tantos viajes. Sin embargo, yo ten\u00eda ganas de seguir jugando y me sent\u00eda bien para continuar jugando. Ya no tengo ganas de estar fuera de casa durante tanto tiempo. Inicialmente busqu\u00e9 un club que no juegue Euroliga porque no quer\u00eda viajar tanto y en el segundo paso era buscar un equipo en Italia. Hab\u00eda otras opciones pero Varese es la que me gust\u00f3 porque no ten\u00eda que mudarme ni nada de eso, ya que est\u00e1 a media hora de Milano.<br \/>\n<strong>\u2013 \u00bfY c\u00f3mo se vive la temporada en el Varese durante estos primeros meses?<br \/>\n<\/strong>\u2013 Yo estoy muy bien con el equipo. Ya ten\u00edamos ganas de jugar y lo hicimos en la Supercopa italiana. Ahora ya tenemos p\u00fablicos en las canchas e incluso algunos piensan que durante las pr\u00f3ximas jornadas puede que tengamos los estadios completos. De a poquito estamos volviendo a lo que viv\u00edamos antes de la pandemia. Yo creo que suma un mont\u00f3n que haya p\u00fablico. El primer momento fue buen\u00edsimo cuando uno regresa a los entrenamientos, pero las pr\u00e1cticas se estiraron por diez semanas y uno llega a un punto que tiene ganas de jugar. Entonces a uno le agarra la incertidumbre de saber si pod\u00edamos viajar, de poder jugar en la liga. Creo que nos sacamos esa ansiedad de competitividad.<br \/>\n<strong>\u2013 Justamente los viajes ser\u00edan un problema en tu caso, por lo menos ahora. Estar cerca de la Selecci\u00f3n Argentina depender\u00e1 de los protocolos sanitarios que corran para aquel momento y si toca hacer una cuarentena de acuerdo adonde te traslades. \u00bfPensaste en eso?<br \/>\n<\/strong>\u2013 Mir\u00e1, cualquier respuesta que te pueda dar ahora no ser\u00e1 precisa porque no sabemos c\u00f3mo ser\u00e1n los viajes y sus reglas dentro de dos meses. No tengo la informaci\u00f3n necesaria sobre eso, pero s\u00ed te puedo decir que el solo hecho de que en uno de los dos pa\u00edses haya cuarentena, ya cancelar\u00eda cualquier posibilidad de poder competir porque uno deber\u00eda tomar una semana antes y una despu\u00e9s para realizar la cuarentena respectiva. Por lo cual es totalmente imposible. Este debate tambi\u00e9n lo estamos viviendo dentro de un mismo pa\u00eds para trasladarse dentro de la regi\u00f3n. Las respuestas no son nuestras sino m\u00e1s bien de c\u00f3mo ser\u00e1 la reglamentaci\u00f3n en la competencia. FIBA tienen que darnos esas respuestas caso por caso, o la CABB y el mismo pa\u00eds para dejarnos una reglamentaci\u00f3n que nos permita saber al respecto.<br \/>\n<strong>\u2013 Este s\u00e1bado tendremos un d\u00eda muy importante para la Confederaci\u00f3n Argentina cuando se ponga en debate si se aprueba una reforma del Estatuto Social. En ese caso, la actual dirigencia tomar\u00eda mucho poder de decisi\u00f3n dentro del b\u00e1squetbol argentino.<br \/>\n<\/strong>\u2013 La gente que est\u00e1 en CABB ahora y yo no tenemos nada que ver en lo absoluto. Incluso muchos de los que estaban antes dentro de la confederaci\u00f3n se encuentran ahora tambi\u00e9n. No solo en esta situaci\u00f3n en particular hace que yo me encuentre parado en la vereda de enfrente, sino que adem\u00e1s su forma de entender la confederaci\u00f3n es totalmente opuesta a mi forma de verla y en la gran mayor\u00eda de las cosas estoy en desacuerdo. No tengo absolutamente nada ver con ellos. Conceptualmente hablando, la forma de entender el b\u00e1squetbol o de entender una organizaci\u00f3n, como piensa la gente que est\u00e1 ahora en la CABB, es totalmente lo opuesto a lo que yo pienso, es el d\u00eda y la noche. Es como decir blanco o negro, esto significa que es imposible que en alg\u00fan momento yo tenga algo que ver con esta dirigencia.<br \/>\n<strong>\u2013 \u00bfEsta postura no influir\u00e1 en tu decisi\u00f3n de jugar con la selecci\u00f3n?<\/strong><br \/>\n\u2013 No va a influir en tanto y en cuanto estos problemas no crucen una l\u00ednea que sea inaceptable. No tengo tantas esperanzas de que eso no pase otra vez. De hecho, yo creo que ser\u00eda lo m\u00e1s l\u00f3gico porque muchos de los dirigentes que estaban antes todav\u00eda se encuentran en la CABB. Si aquellos que estaban en aquel momento dejaron que pasar\u00e1 todo lo que sucedi\u00f3, lo m\u00e1s probable es que vuelvan a dejar que pas\u00e9 de vuelta. Si esa l\u00ednea se cruza, hay cosas que son bastante m\u00e1s importantes que el b\u00e1squet.<br \/>\n<strong>\u2013 \u00bfDirigencialmente estamos parados en el mismo lugar? Te lo menciono porque siguen los mismos dirigentes que llevaron a la CABB hacia una debacle institucional.<br \/>\n<\/strong>\u2013 No, dirigencialmente fuimos para atr\u00e1s, ni siquiera estamos parados en el mismo lugar. Nuestro sistema deportivo es obsoleto que no se hace en ninguna parte del mundo. Y en ninguna parte del mundo que vos quieras copiar o que aspires llegar a lo que hacen ellos. Las organizaciones serias del mundo se alejaron de este sistema hace d\u00e9cadas. Y nosotros no solo seguimos igual en nuestro sistema, sino que tenemos una versi\u00f3n desmejorada. Es arcaico y ya no se aplica en ning\u00fan lugar. Y el agravante de todo esto es que el mundo mejora d\u00eda a d\u00eda y se encuentra una evoluci\u00f3n constante. Ahora que volv\u00ed a Europa hay una evoluci\u00f3n brutal en todos los aspectos respecto a lo que yo viv\u00ed hace 15 a\u00f1os atr\u00e1s. No es nuestro caso en Argentina porque nosotros empeoramos a nivel dirigencia, pero cuando vos te est\u00e1s manteniendo en la misma l\u00ednea y el resto del mundo sigue mejorando, al final no es que te est\u00e1s manteniendo sino que cada vez est\u00e1s empeorando en tu organizaci\u00f3n.<br \/>\nFuente: Reloj de 24 &#8211; Sebasti\u00e1n Saijo<\/p>\n","protected":false},"excerpt":{"rendered":"<p>El regreso a la actividad le brinda a Luis Scola otra oportunidad de acercarse a un nuevo objetivo<\/p>\n","protected":false},"author":2,"featured_media":8980,"comment_status":"open","ping_status":"open","sticky":false,"template":"","format":"standard","meta":{"footnotes":""},"categories":[1],"tags":[],"class_list":["post-8979","post","type-post","status-publish","format-standard","has-post-thumbnail","hentry","category-sin-categoria"],"_links":{"self":[{"href":"http:\/\/zonade3.com.ar\/blog\/wp-json\/wp\/v2\/posts\/8979","targetHints":{"allow":["GET"]}}],"collection":[{"href":"http:\/\/zonade3.com.ar\/blog\/wp-json\/wp\/v2\/posts"}],"about":[{"href":"http:\/\/zonade3.com.ar\/blog\/wp-json\/wp\/v2\/types\/post"}],"author":[{"embeddable":true,"href":"http:\/\/zonade3.com.ar\/blog\/wp-json\/wp\/v2\/users\/2"}],"replies":[{"embeddable":true,"href":"http:\/\/zonade3.com.ar\/blog\/wp-json\/wp\/v2\/comments?post=8979"}],"version-history":[{"count":1,"href":"http:\/\/zonade3.com.ar\/blog\/wp-json\/wp\/v2\/posts\/8979\/revisions"}],"predecessor-version":[{"id":8981,"href":"http:\/\/zonade3.com.ar\/blog\/wp-json\/wp\/v2\/posts\/8979\/revisions\/8981"}],"wp:featuredmedia":[{"embeddable":true,"href":"http:\/\/zonade3.com.ar\/blog\/wp-json\/wp\/v2\/media\/8980"}],"wp:attachment":[{"href":"http:\/\/zonade3.com.ar\/blog\/wp-json\/wp\/v2\/media?parent=8979"}],"wp:term":[{"taxonomy":"category","embeddable":true,"href":"http:\/\/zonade3.com.ar\/blog\/wp-json\/wp\/v2\/categories?post=8979"},{"taxonomy":"post_tag","embeddable":true,"href":"http:\/\/zonade3.com.ar\/blog\/wp-json\/wp\/v2\/tags?post=8979"}],"curies":[{"name":"wp","href":"https:\/\/api.w.org\/{rel}","templated":true}]}}