{"id":8992,"date":"2020-10-11T14:49:06","date_gmt":"2020-10-11T14:49:06","guid":{"rendered":"http:\/\/zonade3.com.ar.ar\/blog\/?p=8992"},"modified":"2020-10-11T14:49:06","modified_gmt":"2020-10-11T14:49:06","slug":"se-cancelaron-las-burbujas-de-cordoba-y-carlos-paz","status":"publish","type":"post","link":"http:\/\/zonade3.com.ar\/blog\/se-cancelaron-las-burbujas-de-cordoba-y-carlos-paz\/","title":{"rendered":"Se cancelaron las burbujas de C\u00f3rdoba y Carlos Paz"},"content":{"rendered":"<p>La Asociaci\u00f3n de Clubes de B\u00e1squetbol comunica que por la situaci\u00f3n epidemiol\u00f3gica y sanitaria de C\u00f3rdoba, las burbujas de la Liga Nacional ser\u00e1n organizadas en una nueva sede.<br \/>\nDe acuerdo a lo informado por la Agencia C\u00f3rdoba Deportes, la Mesa Ejecutiva de la Asociaci\u00f3n de Clubes le agradece el esfuerzo y la gesti\u00f3n al Gobierno de C\u00f3rdoba, a la Municipalidad de C\u00f3rdoba y a la Municipalidad de Villa Carlos Paz, y espera una pronta soluci\u00f3n ante la situaci\u00f3n sanitaria que atraviesa la provincia.<br \/>\nLa dirigencia de la #AdC y #CABB se encuentra trabajando con los clubes para anunciar en breve la nueva sede para las burbujas de la Liga Nacional 2020\/21.<\/p>\n","protected":false},"excerpt":{"rendered":"<p>La Asociaci\u00f3n de Clubes de B\u00e1squetbol comunica que por la situaci\u00f3n epidemiol\u00f3gica y sanitaria de C\u00f3rdoba, las burbujas<\/p>\n","protected":false},"author":2,"featured_media":8993,"comment_status":"open","ping_status":"open","sticky":false,"template":"","format":"standard","meta":{"footnotes":""},"categories":[1],"tags":[],"class_list":["post-8992","post","type-post","status-publish","format-standard","has-post-thumbnail","hentry","category-sin-categoria"],"_links":{"self":[{"href":"http:\/\/zonade3.com.ar\/blog\/wp-json\/wp\/v2\/posts\/8992","targetHints":{"allow":["GET"]}}],"collection":[{"href":"http:\/\/zonade3.com.ar\/blog\/wp-json\/wp\/v2\/posts"}],"about":[{"href":"http:\/\/zonade3.com.ar\/blog\/wp-json\/wp\/v2\/types\/post"}],"author":[{"embeddable":true,"href":"http:\/\/zonade3.com.ar\/blog\/wp-json\/wp\/v2\/users\/2"}],"replies":[{"embeddable":true,"href":"http:\/\/zonade3.com.ar\/blog\/wp-json\/wp\/v2\/comments?post=8992"}],"version-history":[{"count":1,"href":"http:\/\/zonade3.com.ar\/blog\/wp-json\/wp\/v2\/posts\/8992\/revisions"}],"predecessor-version":[{"id":8994,"href":"http:\/\/zonade3.com.ar\/blog\/wp-json\/wp\/v2\/posts\/8992\/revisions\/8994"}],"wp:featuredmedia":[{"embeddable":true,"href":"http:\/\/zonade3.com.ar\/blog\/wp-json\/wp\/v2\/media\/8993"}],"wp:attachment":[{"href":"http:\/\/zonade3.com.ar\/blog\/wp-json\/wp\/v2\/media?parent=8992"}],"wp:term":[{"taxonomy":"category","embeddable":true,"href":"http:\/\/zonade3.com.ar\/blog\/wp-json\/wp\/v2\/categories?post=8992"},{"taxonomy":"post_tag","embeddable":true,"href":"http:\/\/zonade3.com.ar\/blog\/wp-json\/wp\/v2\/tags?post=8992"}],"curies":[{"name":"wp","href":"https:\/\/api.w.org\/{rel}","templated":true}]}}