{"id":8999,"date":"2020-10-21T13:05:45","date_gmt":"2020-10-21T13:05:45","guid":{"rendered":"http:\/\/zonade3.com.ar.ar\/blog\/?p=8999"},"modified":"2020-10-21T13:05:45","modified_gmt":"2020-10-21T13:05:45","slug":"luis-silvano-hemos-ido-a-la-justicia-para-aclarar-las-cosas","status":"publish","type":"post","link":"http:\/\/zonade3.com.ar\/blog\/luis-silvano-hemos-ido-a-la-justicia-para-aclarar-las-cosas\/","title":{"rendered":"Luis Silvano: \u00abHemos ido a la justicia para aclarar las cosas\u00bb"},"content":{"rendered":"<p>El vicepresidente de la Federaci\u00f3n de Santa Fe, dialog\u00f3 con el sitio L\u00ednea de Tres sobre los temas jur\u00eddicos que atraviesa el ente provincial y c\u00f3mo trabajaron durante el at\u00edpico 2020.<br \/>\nLuis Silvano, vicepresidente y director deportivo de la Federaci\u00f3n de Santa Fe, habl\u00f3 para esclarecer los problemas que surgieron con la casa madre del deporte en la provincia. \u00abEn septiembre nos lleg\u00f3 una resoluci\u00f3n de Inspecci\u00f3n General de Personas Jur\u00eddicas (IGPJ), revocando un fallo que ellos hab\u00edan sacado en junio\u00bb, explic\u00f3 Silvano. A lo que agreg\u00f3: \u00abA partir de esa situaci\u00f3n il\u00f3gica, hemos ido a la justicia para que se aclare. Lo hacemos para que todos estemos tranquilos que se est\u00e1 actuando de la mejor forma\u00bb.<br \/>\nEl encargado de las cuestiones deportivas en la Federaci\u00f3n, confes\u00f3: \u00abDesde que se arm\u00f3 este nuevo consejo, se busc\u00f3 que cada uno de los miembros tengamos una decisi\u00f3n que encabezar. Todos sabemos que Ra\u00fal Foradori es el presidente. Se ha logrado que en la organizaci\u00f3n no haya un presidencialismo como en otras \u00e9pocas\u00bb.<br \/>\nY subray\u00f3: \u00abPor suerte tenemos un consejo que debate lo que se va dando, todas las semanas. Nos toc\u00f3 un a\u00f1o en que la parte m\u00e1s linda, la deportiva, no se pudo dar. Igualmente tuvimos bastante trabajo de debate y contenci\u00f3n para las instituciones\u00bb.<br \/>\nPor otra parte, aclar\u00f3: \u00abLa Federaci\u00f3n no organiz\u00f3 el Mundial U17, lo organizaron la Confederaci\u00f3n junto con el gobierno provincial. Nosotros s\u00f3lo recibimos fondos de buena voluntad, para respaldar el trabajo del gobierno. Se depositaba el dinero en la Federaci\u00f3n para hacer los gastos en las sedes\u00bb.<br \/>\n\u00abLas personas que fueron el nexo con el gobierno fueron Daniel Bozicovich y Pablo Cat\u00e1n. Nosotros no fuimos los encargados de la organizaci\u00f3n\u00bb, remarc\u00f3.<br \/>\nEn referencia a los fallos sobre los pagos del Mundial U17 desarrollado en Rosario y Santa Fe en 2019, destac\u00f3: \u00abEl nuevo gobierno ha hecho una auditor\u00eda sobre esas facturas. Est\u00e1n rendidas pero no est\u00e1n aclaradas que eran para el Mundial. Ya se hizo el descargo del \u00faltimo edicto y la aclaraci\u00f3n de cada una de las facturas. Deber\u00eda haber sido tarea del gobierno provincial saliente, nosotros solamente lo hacemos de buena voluntad\u00bb.<br \/>\nSobre la relaci\u00f3n entre las organizaciones, se\u00f1al\u00f3: \u00abMantenemos una relaci\u00f3n \u00f3ptima con las Asociaciones. Con la Santafesina y la Rosarina, que est\u00e1n fuera del consejo, tengo charlas constantemente. He hablado varias veces con sus presidentes, Roberto Monti y Marcelo Turcato y no tuvimos ning\u00fan problema en relacionarnos\u00bb.<br \/>\nY para concluir, recalc\u00f3: \u00abTambi\u00e9n es muy buena la relaci\u00f3n con los clubes, m\u00e1s all\u00e1 de los formalismos, se habla muy seguido con todas las entidades de la provincia\u00bb.<br \/>\nFuente: L\u00ednea de 3<\/p>\n","protected":false},"excerpt":{"rendered":"<p>El vicepresidente de la Federaci\u00f3n de Santa Fe, dialog\u00f3 con el sitio L\u00ednea de Tres sobre los temas<\/p>\n","protected":false},"author":2,"featured_media":9000,"comment_status":"open","ping_status":"open","sticky":false,"template":"","format":"standard","meta":{"footnotes":""},"categories":[1],"tags":[],"class_list":["post-8999","post","type-post","status-publish","format-standard","has-post-thumbnail","hentry","category-sin-categoria"],"_links":{"self":[{"href":"http:\/\/zonade3.com.ar\/blog\/wp-json\/wp\/v2\/posts\/8999","targetHints":{"allow":["GET"]}}],"collection":[{"href":"http:\/\/zonade3.com.ar\/blog\/wp-json\/wp\/v2\/posts"}],"about":[{"href":"http:\/\/zonade3.com.ar\/blog\/wp-json\/wp\/v2\/types\/post"}],"author":[{"embeddable":true,"href":"http:\/\/zonade3.com.ar\/blog\/wp-json\/wp\/v2\/users\/2"}],"replies":[{"embeddable":true,"href":"http:\/\/zonade3.com.ar\/blog\/wp-json\/wp\/v2\/comments?post=8999"}],"version-history":[{"count":1,"href":"http:\/\/zonade3.com.ar\/blog\/wp-json\/wp\/v2\/posts\/8999\/revisions"}],"predecessor-version":[{"id":9001,"href":"http:\/\/zonade3.com.ar\/blog\/wp-json\/wp\/v2\/posts\/8999\/revisions\/9001"}],"wp:featuredmedia":[{"embeddable":true,"href":"http:\/\/zonade3.com.ar\/blog\/wp-json\/wp\/v2\/media\/9000"}],"wp:attachment":[{"href":"http:\/\/zonade3.com.ar\/blog\/wp-json\/wp\/v2\/media?parent=8999"}],"wp:term":[{"taxonomy":"category","embeddable":true,"href":"http:\/\/zonade3.com.ar\/blog\/wp-json\/wp\/v2\/categories?post=8999"},{"taxonomy":"post_tag","embeddable":true,"href":"http:\/\/zonade3.com.ar\/blog\/wp-json\/wp\/v2\/tags?post=8999"}],"curies":[{"name":"wp","href":"https:\/\/api.w.org\/{rel}","templated":true}]}}