{"id":9002,"date":"2020-10-22T15:05:40","date_gmt":"2020-10-22T15:05:40","guid":{"rendered":"http:\/\/zonade3.com.ar.ar\/blog\/?p=9002"},"modified":"2020-10-22T15:05:40","modified_gmt":"2020-10-22T15:05:40","slug":"santa-fe-se-vuelca-a-pleno-con-el-plan-de-la-cabb","status":"publish","type":"post","link":"http:\/\/zonade3.com.ar\/blog\/santa-fe-se-vuelca-a-pleno-con-el-plan-de-la-cabb\/","title":{"rendered":"Santa Fe se vuelca a pleno con el Plan de la CABB"},"content":{"rendered":"<p>La Confederaci\u00f3n Argentina ya dio a conocer su diagrama de trabajo en departamentos y anunci\u00f3 sus directores en el minib\u00e1squet, Femenino, 3&#215;3, el B\u00e1squet Escolar, B\u00e1squet Adaptado, as\u00ed como diferentes referentes. Y Santa Fe se encolumna detr\u00e1s de la idea para poder replicarlo en la provincia. El vicepresidente Luis Silvano se refiri\u00f3 a los distintos proyectos, algunos de muy pronta implementaci\u00f3n y otros que se est\u00e1n gestando.<br \/>\n\u201cQuiz\u00e1s lo m\u00e1s importante para aclarar es que estos programas no tienen como primer objetivo el aspecto competitivo ni la formaci\u00f3n para la alta competencia, sino que se est\u00e1 apuntando a masificar la base de chicos y chicas que despu\u00e9s llegan a ser jugadores y jugadoras de b\u00e1squet. Est\u00e1 llegando a este deporte un porcentaje menor de ni\u00f1os que en a\u00f1os anteriores y por eso tenemos que salir del club a buscarlos a las escuelas\u201d, explic\u00f3 Luis Silvano en charla con Febasantafe.com.ar.<br \/>\nY desgran\u00f3 los diferentes estamentos que se est\u00e1n construyendo para alinearse a esta idea nacional y profundizar todo lo que se ven\u00eda haciendo ya en Santa Fe: \u201cLa idea de la Federaci\u00f3n es hacer una r\u00e9plica de la propuesta de CABB para manejarnos de una forma fluida. La \u00fanica diferencia que nosotros le vamos a dar radica en no centralizarlo en una persona a cargo, sino manejarnos con todas las asociaciones, debido a la complejidad de la geograf\u00eda santafesina\u201d.<br \/>\n\u201cNos vamos a encontrar por ejemplo en el B\u00e1squet Adaptado con ocho o nueve referentes trabajando, uno por Asociaci\u00f3n o regi\u00f3n, porque la idea es llevaron junto con la Confederaci\u00f3n a todos los rincones de la provincia. Es un proyecto ambicioso. La Confederaci\u00f3n diagram\u00f3 reuniones todos los mi\u00e9rcoles en las que podemos plantear nuestras inquietudes y proyectos, as\u00ed como formas de trabajo y colaboraci\u00f3n e intercambio con escuelas, escuelas especiales e instituciones p\u00fablicas para relevar datos y concluir de qu\u00e9 manera llevar a cabo el proyecto en cada una si es que est\u00e1n interesados\u201d, analiz\u00f3 el referente del b\u00e1squet rafaelino.<br \/>\nY con el resto de las propuestas la idea de trabajo es parecida. \u201cVeo que la idea es armar un grupo de trabajo para masificar el b\u00e1squet a trav\u00e9s de las escuelas y por eso a cada asociaci\u00f3n se le pidi\u00f3 que conforme un equipo para la labor que puede ser de tres a cuatro personas para poder entablar y desarrollar los mismos lineamientos y trasladarlos e implementarlos junto a la Secretaria de Deportes y el ministerio de Educaci\u00f3n de la provincia\u201d, cont\u00f3, al tiempo que aclar\u00f3 que, en cada regi\u00f3n y por diferentes factores, no siempre la forma de trabajo es igual.<br \/>\n\u201cSe habla mucho del 3&#215;3 porque esa forma de juego es ideal para arrancar en las escuelas porque es muy divertido e interesante y tambi\u00e9n se apunta al mini y al femenino porque nos est\u00e1 faltando esa captaci\u00f3n de chicos y chicas\u201d, cerr\u00f3 Silvano, que en las pr\u00f3ximas horas le terminar\u00e1 de dar forma a la idea y confirmar\u00e1 los nombres que estar\u00e1n al frente de las diferentes propuestas que bajan desde la CABB y que tendr\u00e1n su adaptaci\u00f3n y desarrollo en Santa Fe.<br \/>\nFuente: Prensa FBPSF<\/p>\n","protected":false},"excerpt":{"rendered":"<p>La Confederaci\u00f3n Argentina ya dio a conocer su diagrama de trabajo en departamentos y anunci\u00f3 sus directores en<\/p>\n","protected":false},"author":2,"featured_media":192,"comment_status":"open","ping_status":"open","sticky":false,"template":"","format":"standard","meta":{"footnotes":""},"categories":[1],"tags":[],"class_list":["post-9002","post","type-post","status-publish","format-standard","has-post-thumbnail","hentry","category-sin-categoria"],"_links":{"self":[{"href":"http:\/\/zonade3.com.ar\/blog\/wp-json\/wp\/v2\/posts\/9002","targetHints":{"allow":["GET"]}}],"collection":[{"href":"http:\/\/zonade3.com.ar\/blog\/wp-json\/wp\/v2\/posts"}],"about":[{"href":"http:\/\/zonade3.com.ar\/blog\/wp-json\/wp\/v2\/types\/post"}],"author":[{"embeddable":true,"href":"http:\/\/zonade3.com.ar\/blog\/wp-json\/wp\/v2\/users\/2"}],"replies":[{"embeddable":true,"href":"http:\/\/zonade3.com.ar\/blog\/wp-json\/wp\/v2\/comments?post=9002"}],"version-history":[{"count":1,"href":"http:\/\/zonade3.com.ar\/blog\/wp-json\/wp\/v2\/posts\/9002\/revisions"}],"predecessor-version":[{"id":9003,"href":"http:\/\/zonade3.com.ar\/blog\/wp-json\/wp\/v2\/posts\/9002\/revisions\/9003"}],"wp:featuredmedia":[{"embeddable":true,"href":"http:\/\/zonade3.com.ar\/blog\/wp-json\/wp\/v2\/media\/192"}],"wp:attachment":[{"href":"http:\/\/zonade3.com.ar\/blog\/wp-json\/wp\/v2\/media?parent=9002"}],"wp:term":[{"taxonomy":"category","embeddable":true,"href":"http:\/\/zonade3.com.ar\/blog\/wp-json\/wp\/v2\/categories?post=9002"},{"taxonomy":"post_tag","embeddable":true,"href":"http:\/\/zonade3.com.ar\/blog\/wp-json\/wp\/v2\/tags?post=9002"}],"curies":[{"name":"wp","href":"https:\/\/api.w.org\/{rel}","templated":true}]}}