{"id":9007,"date":"2020-11-02T20:26:15","date_gmt":"2020-11-02T20:26:15","guid":{"rendered":"http:\/\/zonade3.com.ar.ar\/blog\/?p=9007"},"modified":"2020-11-03T12:26:40","modified_gmt":"2020-11-03T12:26:40","slug":"fallecio-el-turco-arduh","status":"publish","type":"post","link":"http:\/\/zonade3.com.ar\/blog\/fallecio-el-turco-arduh\/","title":{"rendered":"Falleci\u00f3 el \u00abTurco\u00bb Arduh"},"content":{"rendered":"<p>El entrenador de Atenas ten\u00eda 54 a\u00f1os y a mediados del mes pasado hab\u00eda sido internado afectado por Covid-19.<br \/>\nEra la noticia que nadie quer\u00eda dar. Su familia, su hijo Nico y todo el ambiente del b\u00e1squet empujaba cada d\u00eda para que Osvaldo Arduh pudiera revertir la mala situaci\u00f3n de salud en la que hab\u00eda entrado, afectado por Covid-19 desde mediados de octubre. Pero hoy su cuerpo no soport\u00f3 m\u00e1s y el Turco falleci\u00f3 en C\u00f3rdoba a los 54 a\u00f1os.<br \/>\nArduh, cordob\u00e9s de pura cepa, ven\u00eda dirigiendo a Atenas desde la temporada pasada, pero su carrera en la Liga Nacional A hab\u00eda comenzado hace mucho, en la 2009\/10, con Uni\u00f3n de Sunchales. Con Atenas fue y vino un par de veces, normalmente para sacar al club de alg\u00fan mal momento. Y siempre lo consigui\u00f3.<br \/>\nEl pasado 15 de octubre, el club inform\u00f3 que hab\u00eda dado positivo de Covid-19, por lo que fue internado en C\u00f3rdoba. D\u00eda a d\u00eda, su situaci\u00f3n no mejoraba, pero hab\u00eda confianza en que en alg\u00fan momento se pudiera revertir la situaci\u00f3n. Sin embargo, este lunes por la tarde su coraz\u00f3n dijo basta. Irreparable p\u00e9rdida para su familia. Inmenso dolor para el mundo del b\u00e1squet. Descans\u00e1 en paz Turco.<br \/>\nFuente: BasquetPlus<\/p>\n","protected":false},"excerpt":{"rendered":"<p>El entrenador de Atenas ten\u00eda 54 a\u00f1os y a mediados del mes pasado hab\u00eda sido internado afectado por<\/p>\n","protected":false},"author":2,"featured_media":9008,"comment_status":"open","ping_status":"open","sticky":false,"template":"","format":"standard","meta":{"footnotes":""},"categories":[1],"tags":[],"class_list":["post-9007","post","type-post","status-publish","format-standard","has-post-thumbnail","hentry","category-sin-categoria"],"_links":{"self":[{"href":"http:\/\/zonade3.com.ar\/blog\/wp-json\/wp\/v2\/posts\/9007","targetHints":{"allow":["GET"]}}],"collection":[{"href":"http:\/\/zonade3.com.ar\/blog\/wp-json\/wp\/v2\/posts"}],"about":[{"href":"http:\/\/zonade3.com.ar\/blog\/wp-json\/wp\/v2\/types\/post"}],"author":[{"embeddable":true,"href":"http:\/\/zonade3.com.ar\/blog\/wp-json\/wp\/v2\/users\/2"}],"replies":[{"embeddable":true,"href":"http:\/\/zonade3.com.ar\/blog\/wp-json\/wp\/v2\/comments?post=9007"}],"version-history":[{"count":1,"href":"http:\/\/zonade3.com.ar\/blog\/wp-json\/wp\/v2\/posts\/9007\/revisions"}],"predecessor-version":[{"id":9009,"href":"http:\/\/zonade3.com.ar\/blog\/wp-json\/wp\/v2\/posts\/9007\/revisions\/9009"}],"wp:featuredmedia":[{"embeddable":true,"href":"http:\/\/zonade3.com.ar\/blog\/wp-json\/wp\/v2\/media\/9008"}],"wp:attachment":[{"href":"http:\/\/zonade3.com.ar\/blog\/wp-json\/wp\/v2\/media?parent=9007"}],"wp:term":[{"taxonomy":"category","embeddable":true,"href":"http:\/\/zonade3.com.ar\/blog\/wp-json\/wp\/v2\/categories?post=9007"},{"taxonomy":"post_tag","embeddable":true,"href":"http:\/\/zonade3.com.ar\/blog\/wp-json\/wp\/v2\/tags?post=9007"}],"curies":[{"name":"wp","href":"https:\/\/api.w.org\/{rel}","templated":true}]}}