{"id":9012,"date":"2020-11-04T02:56:31","date_gmt":"2020-11-04T02:56:31","guid":{"rendered":"http:\/\/zonade3.com.ar.ar\/blog\/?p=9012"},"modified":"2020-11-04T02:56:31","modified_gmt":"2020-11-04T02:56:31","slug":"liga-argentina-central-confirmo-su-participacion","status":"publish","type":"post","link":"http:\/\/zonade3.com.ar\/blog\/liga-argentina-central-confirmo-su-participacion\/","title":{"rendered":"Liga Argentina: Central confirm\u00f3 su participaci\u00f3n"},"content":{"rendered":"<p>A pesar de la incertidumbre a\u00fan, respecto a la fecha de inicio y formato de la competencia, la entidad \u00abaurinegra\u00bb anunci\u00f3 su presencia en el torneo.<br \/>\nSer\u00e1 la tercera consecutiva y aunque el escenario es m\u00e1s adverso, en relaci\u00f3n a temporadas anteriores, el esfuerzo de los dirigentes que conforman el Grupo de Apoyo, lo hicieron posible una vez m\u00e1s.<br \/>\n\u00abNo fue f\u00e1cil la tarea, pero logramos darle continuidad al proyecto y debemos agradecer a quienes aportaron su esfuerzo desde sus lugares\u00bb.<br \/>\n\u00abGracias a las empresas privadas, muy importante el respaldo que recibimos de Balsuar S.A, Gobierno de la Ciudad de Ceres y el Senador Felipe Michlig, al comercio local y a la gente en general por confiar nuevamente\u00bb, esboz\u00f3 un directivo.<br \/>\nEst\u00e1 confirmada tambi\u00e9n la continuidad del Cuerpo T\u00e9cnico encabezado por Enrique Lancellotti y por estos d\u00edas comienzan a debatir sobre el armado de la plantilla.<br \/>\nCentral Argentino Ol\u00edmpico volver\u00e1 a ser parte de este certamen nacional y uno de los pocos representantes de la Provincia de Santa Fe.<br \/>\nFuente: La Red del Deporte<\/p>\n","protected":false},"excerpt":{"rendered":"<p>A pesar de la incertidumbre a\u00fan, respecto a la fecha de inicio y formato de la competencia, la<\/p>\n","protected":false},"author":2,"featured_media":8677,"comment_status":"open","ping_status":"open","sticky":false,"template":"","format":"standard","meta":{"footnotes":""},"categories":[1],"tags":[],"class_list":["post-9012","post","type-post","status-publish","format-standard","has-post-thumbnail","hentry","category-sin-categoria"],"_links":{"self":[{"href":"http:\/\/zonade3.com.ar\/blog\/wp-json\/wp\/v2\/posts\/9012","targetHints":{"allow":["GET"]}}],"collection":[{"href":"http:\/\/zonade3.com.ar\/blog\/wp-json\/wp\/v2\/posts"}],"about":[{"href":"http:\/\/zonade3.com.ar\/blog\/wp-json\/wp\/v2\/types\/post"}],"author":[{"embeddable":true,"href":"http:\/\/zonade3.com.ar\/blog\/wp-json\/wp\/v2\/users\/2"}],"replies":[{"embeddable":true,"href":"http:\/\/zonade3.com.ar\/blog\/wp-json\/wp\/v2\/comments?post=9012"}],"version-history":[{"count":1,"href":"http:\/\/zonade3.com.ar\/blog\/wp-json\/wp\/v2\/posts\/9012\/revisions"}],"predecessor-version":[{"id":9013,"href":"http:\/\/zonade3.com.ar\/blog\/wp-json\/wp\/v2\/posts\/9012\/revisions\/9013"}],"wp:featuredmedia":[{"embeddable":true,"href":"http:\/\/zonade3.com.ar\/blog\/wp-json\/wp\/v2\/media\/8677"}],"wp:attachment":[{"href":"http:\/\/zonade3.com.ar\/blog\/wp-json\/wp\/v2\/media?parent=9012"}],"wp:term":[{"taxonomy":"category","embeddable":true,"href":"http:\/\/zonade3.com.ar\/blog\/wp-json\/wp\/v2\/categories?post=9012"},{"taxonomy":"post_tag","embeddable":true,"href":"http:\/\/zonade3.com.ar\/blog\/wp-json\/wp\/v2\/tags?post=9012"}],"curies":[{"name":"wp","href":"https:\/\/api.w.org\/{rel}","templated":true}]}}