{"id":9014,"date":"2020-11-04T03:03:46","date_gmt":"2020-11-04T03:03:46","guid":{"rendered":"http:\/\/zonade3.com.ar.ar\/blog\/?p=9014"},"modified":"2020-11-04T03:03:46","modified_gmt":"2020-11-04T03:03:46","slug":"gaston-bertona-jugara-en-union-de-santa-fe","status":"publish","type":"post","link":"http:\/\/zonade3.com.ar\/blog\/gaston-bertona-jugara-en-union-de-santa-fe\/","title":{"rendered":"Gast\u00f3n Bertona jugar\u00e1 en Uni\u00f3n de Santa Fe"},"content":{"rendered":"<p>Uni\u00f3n anunci\u00f3 este martes el fichaje del base oriundo de San Guillermo, Gast\u00f3n Bertona, quien viene de actuar en Obras Basket. Naci\u00f3 el 13 de julio de 2001, mide 178 cent\u00edmetros y se une a los acuerdos celebrados en su momento con Sebasti\u00e1n Uranga (h), Erbel De Pietro y Cristian Scaramuzzino.<br \/>\nBertona promedi\u00f3 18 puntos, con 54% en dobles, 44% en triples y 92% en libres durante la \u00faltima Liga de Desarrollo.<br \/>\nAdem\u00e1s, integr\u00f3 en sus diferentes etapas de formativas las Selecciones Argentinas que disputaron torneos internacionales, entre ellos el Mundial U17 que se celebr\u00f3 hace dos a\u00f1os en Rosario y el estadio \u00c1ngel Malvicino, la nueva casa del conductor.<br \/>\nFuente: Marca Personal Web<\/p>\n","protected":false},"excerpt":{"rendered":"<p>Uni\u00f3n anunci\u00f3 este martes el fichaje del base oriundo de San Guillermo, Gast\u00f3n Bertona, quien viene de actuar<\/p>\n","protected":false},"author":2,"featured_media":9015,"comment_status":"open","ping_status":"open","sticky":false,"template":"","format":"standard","meta":{"footnotes":""},"categories":[1],"tags":[],"class_list":["post-9014","post","type-post","status-publish","format-standard","has-post-thumbnail","hentry","category-sin-categoria"],"_links":{"self":[{"href":"http:\/\/zonade3.com.ar\/blog\/wp-json\/wp\/v2\/posts\/9014","targetHints":{"allow":["GET"]}}],"collection":[{"href":"http:\/\/zonade3.com.ar\/blog\/wp-json\/wp\/v2\/posts"}],"about":[{"href":"http:\/\/zonade3.com.ar\/blog\/wp-json\/wp\/v2\/types\/post"}],"author":[{"embeddable":true,"href":"http:\/\/zonade3.com.ar\/blog\/wp-json\/wp\/v2\/users\/2"}],"replies":[{"embeddable":true,"href":"http:\/\/zonade3.com.ar\/blog\/wp-json\/wp\/v2\/comments?post=9014"}],"version-history":[{"count":1,"href":"http:\/\/zonade3.com.ar\/blog\/wp-json\/wp\/v2\/posts\/9014\/revisions"}],"predecessor-version":[{"id":9016,"href":"http:\/\/zonade3.com.ar\/blog\/wp-json\/wp\/v2\/posts\/9014\/revisions\/9016"}],"wp:featuredmedia":[{"embeddable":true,"href":"http:\/\/zonade3.com.ar\/blog\/wp-json\/wp\/v2\/media\/9015"}],"wp:attachment":[{"href":"http:\/\/zonade3.com.ar\/blog\/wp-json\/wp\/v2\/media?parent=9014"}],"wp:term":[{"taxonomy":"category","embeddable":true,"href":"http:\/\/zonade3.com.ar\/blog\/wp-json\/wp\/v2\/categories?post=9014"},{"taxonomy":"post_tag","embeddable":true,"href":"http:\/\/zonade3.com.ar\/blog\/wp-json\/wp\/v2\/tags?post=9014"}],"curies":[{"name":"wp","href":"https:\/\/api.w.org\/{rel}","templated":true}]}}