{"id":9017,"date":"2020-11-04T03:08:54","date_gmt":"2020-11-04T03:08:54","guid":{"rendered":"http:\/\/zonade3.com.ar.ar\/blog\/?p=9017"},"modified":"2020-11-04T03:08:54","modified_gmt":"2020-11-04T03:08:54","slug":"sergio-hernandez-al-zaragoza-de-espana","status":"publish","type":"post","link":"http:\/\/zonade3.com.ar\/blog\/sergio-hernandez-al-zaragoza-de-espana\/","title":{"rendered":"Sergio Hernandez, al Zaragoza de Espa\u00f1a"},"content":{"rendered":"<p>El bahiense Sergio \u00abOveja\u00bb Hern\u00e1ndez fue oficializado como nuevo entrenador del Casademont Zaragoza, con el que tendr\u00e1 la primera experiencia de su carrera en la Liga ACB de Espa\u00f1a, y por lo que dejar\u00e1 la Selecci\u00f3n argentina en las dos ventanas internacionales de noviembre y febrero, aunque volver\u00e1 para la preparaci\u00f3n de los Juegos Ol\u00edmpicos de Tokio 2020.<br \/>\nHern\u00e1ndez, el DT m\u00e1s ganador de la Liga Nacional y que tiene doce a\u00f1os al frente de la Selecci\u00f3n argentina (en dos per\u00edodos donde fue bronce ol\u00edmpico en 2008 y plata mundial 2019), cumplir\u00e1 as\u00ed su anhelo de dirigir en la Liga m\u00e1s importante de la FIBA, fuera de la NBA.<br \/>\n\u00abOveja\u00bb tendr\u00e1 su segunda experiencia en Europa, tras dirigir al Cantabria Lobos del ascenso espa\u00f1ol en la temporada 2002\/03, e ir\u00e1 a la misma ciudad donde Le\u00f3n Najnudel -padre de la Liga Nacional argentina- se convirti\u00f3 en el primer argentino en dirigir ACB en 1983, consagr\u00e1ndose en diciembre de ese a\u00f1o al ganar la Copa del Rey con el CAI Zaragoza, que es otro club y no el actual Casademont.<br \/>\n\u00abPrimero quiero agradecer a la CABB, que me facilit\u00f3 las cosas para que yo pueda cumplir este objetivo de dirigir en un equipo importante de Europa. Aclaro que no me voy porque no est\u00e9 conforme ni porque me parezca poco el desaf\u00edo de la Selecci\u00f3n, sino porque la Liga ACB tiene un reglamento, desde hace muchos a\u00f1os, que proh\u00edbe que un entrenador tenga dos cargos a la vez. Esto no significa que, a futuro, yo pueda volver a ocupar el puesto en la Selecci\u00f3n\u2026\u00bb, explic\u00f3 Hern\u00e1ndez.<br \/>\nY agreg\u00f3: \u00abHace muchos a\u00f1os que estoy esperando entrar en una de las mejores ligas del mundo, como es la ACB, y en este caso es Zaragoza, un club hist\u00f3rico, con mucha cultura deportiva, en una ciudad basquetbolera, con un interesante proyecto deportivo y una plantilla muy valiosa. Un combo de cosas que esperaba hace tiempo y se dio justo ahora. Me duele en el alma dejar la Selecci\u00f3n, pero es una oportunidad muy buena. Una vez terminado el contrato, decidir\u00e9 los pasos a seguir\u2026\u00bb.<br \/>\nEntonces, Hern\u00e1ndez estar\u00e1 al frente del club hasta el final de esta temporada, por lo que no dirigir\u00e1 las ventanas de noviembre y febrero de Eliminatorias para la AmeriCup 2022, donde la que la Confederaci\u00f3n Argentina (CABB) resolvi\u00f3 mantener a Silvio Santander, quien era su primer asistente.<br \/>\nEn la renovaci\u00f3n de su contrato con la CABB en plena pandemia, Hern\u00e1ndez, que volver\u00e1 para dirigir al equipo en los Juegos Ol\u00edmpicos de Tokio 2020, en julio, ten\u00eda la opci\u00f3n de convertir en part time su convenio si recib\u00eda una oferta como \u00e9sta.<\/p>\n","protected":false},"excerpt":{"rendered":"<p>El bahiense Sergio \u00abOveja\u00bb Hern\u00e1ndez fue oficializado como nuevo entrenador del Casademont Zaragoza, con el que tendr\u00e1 la<\/p>\n","protected":false},"author":2,"featured_media":7013,"comment_status":"open","ping_status":"open","sticky":false,"template":"","format":"standard","meta":{"footnotes":""},"categories":[1],"tags":[],"class_list":["post-9017","post","type-post","status-publish","format-standard","has-post-thumbnail","hentry","category-sin-categoria"],"_links":{"self":[{"href":"http:\/\/zonade3.com.ar\/blog\/wp-json\/wp\/v2\/posts\/9017","targetHints":{"allow":["GET"]}}],"collection":[{"href":"http:\/\/zonade3.com.ar\/blog\/wp-json\/wp\/v2\/posts"}],"about":[{"href":"http:\/\/zonade3.com.ar\/blog\/wp-json\/wp\/v2\/types\/post"}],"author":[{"embeddable":true,"href":"http:\/\/zonade3.com.ar\/blog\/wp-json\/wp\/v2\/users\/2"}],"replies":[{"embeddable":true,"href":"http:\/\/zonade3.com.ar\/blog\/wp-json\/wp\/v2\/comments?post=9017"}],"version-history":[{"count":1,"href":"http:\/\/zonade3.com.ar\/blog\/wp-json\/wp\/v2\/posts\/9017\/revisions"}],"predecessor-version":[{"id":9018,"href":"http:\/\/zonade3.com.ar\/blog\/wp-json\/wp\/v2\/posts\/9017\/revisions\/9018"}],"wp:featuredmedia":[{"embeddable":true,"href":"http:\/\/zonade3.com.ar\/blog\/wp-json\/wp\/v2\/media\/7013"}],"wp:attachment":[{"href":"http:\/\/zonade3.com.ar\/blog\/wp-json\/wp\/v2\/media?parent=9017"}],"wp:term":[{"taxonomy":"category","embeddable":true,"href":"http:\/\/zonade3.com.ar\/blog\/wp-json\/wp\/v2\/categories?post=9017"},{"taxonomy":"post_tag","embeddable":true,"href":"http:\/\/zonade3.com.ar\/blog\/wp-json\/wp\/v2\/tags?post=9017"}],"curies":[{"name":"wp","href":"https:\/\/api.w.org\/{rel}","templated":true}]}}