{"id":9020,"date":"2020-11-05T23:42:17","date_gmt":"2020-11-05T23:42:17","guid":{"rendered":"http:\/\/zonade3.com.ar.ar\/blog\/?p=9020"},"modified":"2020-11-05T23:42:17","modified_gmt":"2020-11-05T23:42:17","slug":"crotti-regresa-a-central-de-ceres","status":"publish","type":"post","link":"http:\/\/zonade3.com.ar\/blog\/crotti-regresa-a-central-de-ceres\/","title":{"rendered":"Crotti regresa a Central de Ceres"},"content":{"rendered":"<p>Tras confirmar una nueva presencia en esta competencia nacional, la dirigencia \u00abaurinegra\u00bb y el cuerpo t\u00e9cnico, comenzaron a delinear la plantilla.<br \/>\nAlejo Crotti se transform\u00f3 en la primera contrataci\u00f3n y la camiseta n\u00famero 10 volver\u00e1 a lucir su nombre. El perimetral santiague\u00f1o retorna despu\u00e9s de un tiempo y tras haber recorrido un exitoso camino en otros clubes.<br \/>\nCrotti fue parte de grandes logros con Central, torneos dom\u00e9sticos y seguramente lo m\u00e1s resonante, el Ascenso al Torneo Federal.<\/p>\n","protected":false},"excerpt":{"rendered":"<p>Tras confirmar una nueva presencia en esta competencia nacional, la dirigencia \u00abaurinegra\u00bb y el cuerpo t\u00e9cnico, comenzaron a<\/p>\n","protected":false},"author":2,"featured_media":9021,"comment_status":"open","ping_status":"open","sticky":false,"template":"","format":"standard","meta":{"footnotes":""},"categories":[1],"tags":[],"class_list":["post-9020","post","type-post","status-publish","format-standard","has-post-thumbnail","hentry","category-sin-categoria"],"_links":{"self":[{"href":"http:\/\/zonade3.com.ar\/blog\/wp-json\/wp\/v2\/posts\/9020","targetHints":{"allow":["GET"]}}],"collection":[{"href":"http:\/\/zonade3.com.ar\/blog\/wp-json\/wp\/v2\/posts"}],"about":[{"href":"http:\/\/zonade3.com.ar\/blog\/wp-json\/wp\/v2\/types\/post"}],"author":[{"embeddable":true,"href":"http:\/\/zonade3.com.ar\/blog\/wp-json\/wp\/v2\/users\/2"}],"replies":[{"embeddable":true,"href":"http:\/\/zonade3.com.ar\/blog\/wp-json\/wp\/v2\/comments?post=9020"}],"version-history":[{"count":1,"href":"http:\/\/zonade3.com.ar\/blog\/wp-json\/wp\/v2\/posts\/9020\/revisions"}],"predecessor-version":[{"id":9022,"href":"http:\/\/zonade3.com.ar\/blog\/wp-json\/wp\/v2\/posts\/9020\/revisions\/9022"}],"wp:featuredmedia":[{"embeddable":true,"href":"http:\/\/zonade3.com.ar\/blog\/wp-json\/wp\/v2\/media\/9021"}],"wp:attachment":[{"href":"http:\/\/zonade3.com.ar\/blog\/wp-json\/wp\/v2\/media?parent=9020"}],"wp:term":[{"taxonomy":"category","embeddable":true,"href":"http:\/\/zonade3.com.ar\/blog\/wp-json\/wp\/v2\/categories?post=9020"},{"taxonomy":"post_tag","embeddable":true,"href":"http:\/\/zonade3.com.ar\/blog\/wp-json\/wp\/v2\/tags?post=9020"}],"curies":[{"name":"wp","href":"https:\/\/api.w.org\/{rel}","templated":true}]}}