{"id":9023,"date":"2020-11-06T03:41:15","date_gmt":"2020-11-06T03:41:15","guid":{"rendered":"http:\/\/zonade3.com.ar.ar\/blog\/?p=9023"},"modified":"2020-11-06T03:42:58","modified_gmt":"2020-11-06T03:42:58","slug":"robledo-regresa-a-9-de-julio","status":"publish","type":"post","link":"http:\/\/zonade3.com.ar\/blog\/robledo-regresa-a-9-de-julio\/","title":{"rendered":"Frustrado el v\u00ednculo con Central Entrerriano, Robledo vuelve a 9 de Julio"},"content":{"rendered":"<p>Maximiliano Robledo acord\u00f3 su retorno a 9 de Julio de Morteros por dos temporadas m\u00e1s.<br \/>\nEl equipo del Torneo Federal espera por volver a la cancha lo mas r\u00e1pido posible ante la incertidumbre de la pandemia.<br \/>\nRecordemos que\u00a0Robledo era una de las fichas confirmadas por Central Entrerriano. El interno de 2.00 m., nacido en Ca\u00f1ada Rosquin y con 22 a\u00f1os en su momento se mostr\u00f3 ilusionado por llegar al conjunto \u00abrojinegro\u00bb y a la posibilidad de jugar nuevamente en una categor\u00eda superior como lo es la Liga Argentina. Sin embargo, algo pas\u00f3 en el camino, sumado a las vicisitudes de la pandemia, decidi\u00f3 retornar a Morteros.<br \/>\nEn su paso por 9 de Julio de Morteros, el pivote promedi\u00f3 11,6 puntos y 7,3 rebotes en 20 partidos jugados.<\/p>\n","protected":false},"excerpt":{"rendered":"<p>Maximiliano Robledo acord\u00f3 su retorno a 9 de Julio de Morteros por dos temporadas m\u00e1s. El equipo del<\/p>\n","protected":false},"author":2,"featured_media":8334,"comment_status":"open","ping_status":"open","sticky":false,"template":"","format":"standard","meta":{"footnotes":""},"categories":[1],"tags":[],"class_list":["post-9023","post","type-post","status-publish","format-standard","has-post-thumbnail","hentry","category-sin-categoria"],"_links":{"self":[{"href":"http:\/\/zonade3.com.ar\/blog\/wp-json\/wp\/v2\/posts\/9023","targetHints":{"allow":["GET"]}}],"collection":[{"href":"http:\/\/zonade3.com.ar\/blog\/wp-json\/wp\/v2\/posts"}],"about":[{"href":"http:\/\/zonade3.com.ar\/blog\/wp-json\/wp\/v2\/types\/post"}],"author":[{"embeddable":true,"href":"http:\/\/zonade3.com.ar\/blog\/wp-json\/wp\/v2\/users\/2"}],"replies":[{"embeddable":true,"href":"http:\/\/zonade3.com.ar\/blog\/wp-json\/wp\/v2\/comments?post=9023"}],"version-history":[{"count":3,"href":"http:\/\/zonade3.com.ar\/blog\/wp-json\/wp\/v2\/posts\/9023\/revisions"}],"predecessor-version":[{"id":9026,"href":"http:\/\/zonade3.com.ar\/blog\/wp-json\/wp\/v2\/posts\/9023\/revisions\/9026"}],"wp:featuredmedia":[{"embeddable":true,"href":"http:\/\/zonade3.com.ar\/blog\/wp-json\/wp\/v2\/media\/8334"}],"wp:attachment":[{"href":"http:\/\/zonade3.com.ar\/blog\/wp-json\/wp\/v2\/media?parent=9023"}],"wp:term":[{"taxonomy":"category","embeddable":true,"href":"http:\/\/zonade3.com.ar\/blog\/wp-json\/wp\/v2\/categories?post=9023"},{"taxonomy":"post_tag","embeddable":true,"href":"http:\/\/zonade3.com.ar\/blog\/wp-json\/wp\/v2\/tags?post=9023"}],"curies":[{"name":"wp","href":"https:\/\/api.w.org\/{rel}","templated":true}]}}