{"id":9031,"date":"2020-11-12T03:19:34","date_gmt":"2020-11-12T03:19:34","guid":{"rendered":"http:\/\/zonade3.com.ar.ar\/blog\/?p=9031"},"modified":"2020-11-12T03:19:34","modified_gmt":"2020-11-12T03:19:34","slug":"reunion-presentacion-del-proyecto-bai-en-suardi","status":"publish","type":"post","link":"http:\/\/zonade3.com.ar\/blog\/reunion-presentacion-del-proyecto-bai-en-suardi\/","title":{"rendered":"Reuni\u00f3n presentaci\u00f3n del proyecto BAI en Suardi"},"content":{"rendered":"<p>Desde la Confederaci\u00f3n Argentina de B\u00e1squetbol llevan adelante un proyecto para apoyar, orientar y promocionar el B\u00e1squet Adaptado e Inclusivo (BAI); entendiendo que este es un deporte que promueve valores sociales y personales, que le permite a quienes lo practican lograr un crecimiento individual, elevar su autoestima y progresar en su psicomotricidad, mejorando as\u00ed su calidad de vida.<br \/>\nFormar\u00e1n parte del proyecto las instituciones reconocidas por CABB en las diferentes modalidades del B\u00e1squetbol Adaptado y las instituciones reconocidas por CABB que trabajan con el b\u00e1squetbol como medio de Inclusi\u00f3n. El proyecto se llevar\u00e1 a cabo en todo el pa\u00eds, a trav\u00e9s de las federaciones provinciales, los organismos oficiales, los organismos privados y las instituciones educativas.<br \/>\nEste mi\u00e9rcoles se reunieron en la Municipalidad de Suardi, Mario L\u00f3pez Presidente de la<br \/>\nAsociaci\u00f3n Noreste Santafesina, Mar\u00eda Cristina Srtradella, del departamento del BAI con las<br \/>\nsiguientes personas:<br \/>\n-Boscarol, Hugo (Intendente Municipalidad de Suardi)<br \/>\n-Scarpolini, Anal\u00eda (Concejal)<br \/>\n-Sella, Diego (Concejo)<br \/>\n-Lingua, Jimena (Secretaria de Hacienda y Finanzas)<br \/>\n-Griffa, Bel\u00e9n (Dir. Desarrollo Social)<br \/>\n-Mondino, Evangelina (Coordinaci\u00f3n de Deportes)<br \/>\n-Keller, Yanina (Coordinaci\u00f3n Discapacidad)<br \/>\n-Frugoni Zavala, Patricio (Dirigente Asociaci\u00f3n Noroeste de B\u00e1squet)<br \/>\n-Casermeiro, Marcelo (Coordinador de Deportes del CSS)<br \/>\n-Marengo, Maricel (Profesora Educaci\u00f3n F\u00edsica)<br \/>\nSe present\u00f3 as\u00ed el proyecto BAI, ante todos los all\u00ed presentes donde se recibi\u00f3 una agradable<br \/>\nrespuesta e inter\u00e9s por desarrollarlo. Comentan que hace 5 veranos hac\u00edan un proyecto<br \/>\nsolidario de b\u00e1squet adaptado dirigido a personas con discapacidad mayores de 18 a\u00f1os pero<br \/>\nque el verano pasado no se hab\u00eda llevado acabo.<br \/>\nSe ofrecen a brindar los datos necesarios, instalaciones y profesores que demuestren inter\u00e9s<br \/>\npor realizar esta actividad. Luego proponen si se puede hacer un curso presencial a corta tiempo para poder arrancar ya este verano con continuidad a lo largo del a\u00f1o, para darle el marco que se<br \/>\nmerece dicho proyecto.<br \/>\nAnteriormente el proyecto tambi\u00e9n se hab\u00eda presentando en la ciudad de San Guillermo.<\/p>\n","protected":false},"excerpt":{"rendered":"<p>Desde la Confederaci\u00f3n Argentina de B\u00e1squetbol llevan adelante un proyecto para apoyar, orientar y promocionar el B\u00e1squet Adaptado<\/p>\n","protected":false},"author":2,"featured_media":9032,"comment_status":"open","ping_status":"open","sticky":false,"template":"","format":"standard","meta":{"footnotes":""},"categories":[1],"tags":[],"class_list":["post-9031","post","type-post","status-publish","format-standard","has-post-thumbnail","hentry","category-sin-categoria"],"_links":{"self":[{"href":"http:\/\/zonade3.com.ar\/blog\/wp-json\/wp\/v2\/posts\/9031","targetHints":{"allow":["GET"]}}],"collection":[{"href":"http:\/\/zonade3.com.ar\/blog\/wp-json\/wp\/v2\/posts"}],"about":[{"href":"http:\/\/zonade3.com.ar\/blog\/wp-json\/wp\/v2\/types\/post"}],"author":[{"embeddable":true,"href":"http:\/\/zonade3.com.ar\/blog\/wp-json\/wp\/v2\/users\/2"}],"replies":[{"embeddable":true,"href":"http:\/\/zonade3.com.ar\/blog\/wp-json\/wp\/v2\/comments?post=9031"}],"version-history":[{"count":1,"href":"http:\/\/zonade3.com.ar\/blog\/wp-json\/wp\/v2\/posts\/9031\/revisions"}],"predecessor-version":[{"id":9033,"href":"http:\/\/zonade3.com.ar\/blog\/wp-json\/wp\/v2\/posts\/9031\/revisions\/9033"}],"wp:featuredmedia":[{"embeddable":true,"href":"http:\/\/zonade3.com.ar\/blog\/wp-json\/wp\/v2\/media\/9032"}],"wp:attachment":[{"href":"http:\/\/zonade3.com.ar\/blog\/wp-json\/wp\/v2\/media?parent=9031"}],"wp:term":[{"taxonomy":"category","embeddable":true,"href":"http:\/\/zonade3.com.ar\/blog\/wp-json\/wp\/v2\/categories?post=9031"},{"taxonomy":"post_tag","embeddable":true,"href":"http:\/\/zonade3.com.ar\/blog\/wp-json\/wp\/v2\/tags?post=9031"}],"curies":[{"name":"wp","href":"https:\/\/api.w.org\/{rel}","templated":true}]}}