{"id":9035,"date":"2020-11-16T02:28:01","date_gmt":"2020-11-16T02:28:01","guid":{"rendered":"http:\/\/zonade3.com.ar.ar\/blog\/?p=9035"},"modified":"2020-11-16T02:28:01","modified_gmt":"2020-11-16T02:28:01","slug":"piccato-dirigira-la-seleccion","status":"publish","type":"post","link":"http:\/\/zonade3.com.ar\/blog\/piccato-dirigira-la-seleccion\/","title":{"rendered":"Piccato dirigir\u00e1 la Selecci\u00f3n"},"content":{"rendered":"<p>La Confederaci\u00f3n Argentina anuncia la designaci\u00f3n de Gabriel Piccato como nuevo entrenador de la Selecci\u00f3n Mayor en reemplazo de Sergio Hern\u00e1ndez, quien hace dos semanas decidi\u00f3 continuar su carrera en el Zaragoza espa\u00f1ol. De 48 a\u00f1os, el nacido en San Jorge debutar\u00e1 en la ventana clasificatoria para la Americup 2022 que comenzar\u00e1 el 27 de este mes en Obras Sanitarias (los rivales ser\u00e1n Chile y Colombia). La elecci\u00f3n fue posible gracias a que la Asociaci\u00f3n de Clubes acept\u00f3 el pedido de la CABB de modificar, de forma excepcional, el cap\u00edtulo 3, art\u00edculo 46, inciso 2, que manifiesta que \u201clos profesionales no puede cumplir funciones similares en dos instituciones a la vez\u2026 prohibici\u00f3n que incluye a la CABB\u201d. Piccato, quien ha sido asistente de Oveja durante varios a\u00f1os en el seleccionado, seguir\u00e1 dirigiendo a Hispano Americano y, a la vez, ser\u00e1 el head coach nacional en las pr\u00f3ximas dos ventanas FIBA, la segunda pautada para febrero.<br \/>\n\u201cEntendemos que darle continuidad al cuerpo t\u00e9cnico de Hern\u00e1ndez era lo m\u00e1s atinado para este momento. Por esta situaci\u00f3n de pandemia y tan especial que vivimos desde la salida de Sergio le hemos solicitado a la AdC una excepcionalidad de la regla por un tiempo determinado. Queremos agradecerle a Gabriel Piccato por aceptar el puesto de t\u00e9cnico principal y a los restantes integrantes del staff para que sigan junto a \u00e9l durante las ventanas de noviembre y febrero. Tambi\u00e9n agradecerle al presidente de la Liga Nacional, Gerardo Montenegro, por su comprensi\u00f3n, apoyo y colaboraci\u00f3n, en una muestra m\u00e1s de la unidad del b\u00e1squet argentino. Todos juntos, con la totalidad de jugadores de la Liga, trabajaremos en estos desaf\u00edos para lograr la clasificaci\u00f3n a la Americup 2022, esperando el regreso de Hern\u00e1ndez para el gran objetivo de los Juegos Ol\u00edmpicos 2021\u201d, expres\u00f3 Fabi\u00e1n Borro, presidente de la CABB. \u201cCreemos que lo mejor era sostener una continuidad, como dijimos cuando se dio la partida de Sergio. Gabriel es un amplio conocedor de este proceso y de sus jugadores, tiene mucha experiencia y una probada capacidad. Es un trabajador silencioso que ampliamente se ha ganado este lugar de privilegio\u201c, coment\u00f3 el Director Deportivo Andr\u00e9s Pelussi sobre el motivo de la elecci\u00f3n de uno de los asistentes m\u00e1s importantes de Hern\u00e1ndez.<br \/>\nEl elegido para ocupar el cargo se refiri\u00f3 al orgullo que representa esta designaci\u00f3n. \u201cSiempre es un anhelo llegar a lugares de excelencia como \u00e9ste y siento que es una recompensa a tantos a\u00f1os de esfuerzo y trabajo\u201d, opin\u00f3 para luego manifestar su agradecimiento. \u201cA las autoridades de la Liga Nacional, que permitieron la modificaci\u00f3n de la regla para que yo pueda encargarme de ambas funciones, y a la directiva de la Confederaci\u00f3n Argentina, por la confianza puesta en mi persona y en todo el staff. Valoramos mucho que hayan permitido la continuidad de este proceso\u201d, asegur\u00f3. El coach santafesino gan\u00f3 una Liga Nacional, con Boca en el 2007, y adem\u00e1s fue subcampe\u00f3n en 2017, con Regatas Corrientes. Tambi\u00e9n fue DT de Pe\u00f1arol, La Uni\u00f3n de Formosa, Libertad y Obras en la Liga Nacional antes de arribar a Hispano. Piccato, quien en total lleva 27 a\u00f1os dirigiendo o siendo asistente en la elite nacional, confirm\u00f3 que estar\u00e1 acompa\u00f1ado por los mismos profesionales que vienen juntos en el seleccionado desde hace a\u00f1os, comenzando por Silvio Santander, Maxi Seigorman y Juan Gatti como asistentes t\u00e9cnicos.<br \/>\nFuente: BasquetPlus<\/p>\n","protected":false},"excerpt":{"rendered":"<p>La Confederaci\u00f3n Argentina anuncia la designaci\u00f3n de Gabriel Piccato como nuevo entrenador de la Selecci\u00f3n Mayor en reemplazo<\/p>\n","protected":false},"author":2,"featured_media":9036,"comment_status":"open","ping_status":"open","sticky":false,"template":"","format":"standard","meta":{"footnotes":""},"categories":[1],"tags":[],"class_list":["post-9035","post","type-post","status-publish","format-standard","has-post-thumbnail","hentry","category-sin-categoria"],"_links":{"self":[{"href":"http:\/\/zonade3.com.ar\/blog\/wp-json\/wp\/v2\/posts\/9035","targetHints":{"allow":["GET"]}}],"collection":[{"href":"http:\/\/zonade3.com.ar\/blog\/wp-json\/wp\/v2\/posts"}],"about":[{"href":"http:\/\/zonade3.com.ar\/blog\/wp-json\/wp\/v2\/types\/post"}],"author":[{"embeddable":true,"href":"http:\/\/zonade3.com.ar\/blog\/wp-json\/wp\/v2\/users\/2"}],"replies":[{"embeddable":true,"href":"http:\/\/zonade3.com.ar\/blog\/wp-json\/wp\/v2\/comments?post=9035"}],"version-history":[{"count":1,"href":"http:\/\/zonade3.com.ar\/blog\/wp-json\/wp\/v2\/posts\/9035\/revisions"}],"predecessor-version":[{"id":9037,"href":"http:\/\/zonade3.com.ar\/blog\/wp-json\/wp\/v2\/posts\/9035\/revisions\/9037"}],"wp:featuredmedia":[{"embeddable":true,"href":"http:\/\/zonade3.com.ar\/blog\/wp-json\/wp\/v2\/media\/9036"}],"wp:attachment":[{"href":"http:\/\/zonade3.com.ar\/blog\/wp-json\/wp\/v2\/media?parent=9035"}],"wp:term":[{"taxonomy":"category","embeddable":true,"href":"http:\/\/zonade3.com.ar\/blog\/wp-json\/wp\/v2\/categories?post=9035"},{"taxonomy":"post_tag","embeddable":true,"href":"http:\/\/zonade3.com.ar\/blog\/wp-json\/wp\/v2\/tags?post=9035"}],"curies":[{"name":"wp","href":"https:\/\/api.w.org\/{rel}","templated":true}]}}