{"id":9049,"date":"2020-11-20T12:09:42","date_gmt":"2020-11-20T12:09:42","guid":{"rendered":"http:\/\/zonade3.com.ar.ar\/blog\/?p=9049"},"modified":"2020-11-20T12:09:42","modified_gmt":"2020-11-20T12:09:42","slug":"la-liga-nacional-suspendida-provisoriamente-por-unos-15-dias","status":"publish","type":"post","link":"http:\/\/zonade3.com.ar\/blog\/la-liga-nacional-suspendida-provisoriamente-por-unos-15-dias\/","title":{"rendered":"La Liga Nacional suspendida provisoriamente por unos 15 d\u00edas"},"content":{"rendered":"<p>La Liga Nacional de B\u00e1squet qued\u00f3 oficialmente suspendida de manera provisoria, luego del brote de contagios de Covid-19 en la burbuja sanitaria. El Ministerio de Turismo y Deportes se lo comunic\u00f3 a la Confederaci\u00f3n Argentina de B\u00e1squetbol, situaci\u00f3n que pod\u00eda presagiarse luego de que comenzaran los primeros casos positivos la semana pasada.<br \/>\n\u00abComo es de p\u00fablico conocimiento y ha llegado a la atenci\u00f3n de este Ministerio de Turismo y Deportes de la Naci\u00f3n, existe una creciente confirmaci\u00f3n de casos positivos de Covid-19 en todos los equipos que forman parte de la competencia: as\u00ed lo confirman los Comunicados Oficiales del Comit\u00e9 de Crisis conformado por la Confederaci\u00f3n Argentina de B\u00e1squetbol y la Asociaci\u00f3n de Clubes de B\u00e1squetbol\u00bb, reza parte de la carta firmada por el titular de la cartera, Mat\u00edas Lammens, y remitida a Fabi\u00e1n Borro, titular de la CABB.<br \/>\nDe acuerdo a lo expuesto por el ministro, \u00abel Art\u00edculo 4\u00b0 se\u00f1ala que &#8216;los y las responsables del evento deportivo deber\u00e1n garantizar las condiciones de higiene, seguridad y traslado establecidas para preservar la salud del personal afectado, as\u00ed como la de sus equipos de trabajo y colaboradores'\u00bb.<br \/>\nDesde que la semana pasada se confirmara el segundo caso de Covid-19 en las burbujas, comenz\u00f3 un brote que termin\u00f3 con nueve miembros de la delegaci\u00f3n de Gimnasia de Comodoro Rivadavia contagiados, ocho de Argentino de Jun\u00edn y varios clubes con entre uno y dos casos. Atenas e Instituto tuvieron algunos casos aunque no a la altura de los dem\u00e1s rivales.<br \/>\nEn principio, no hay plazos de retorno del campeonato, a pesar de que se esperaba un m\u00ednimo de 14 d\u00edas para el regreso. Las autoridades de AdC y CABB deber\u00e1n empezar de cero confeccionando un nuevo protocolo que, se presume, ser\u00e1 examinado incluso con mayor rigidez por los ministerios. Tendr\u00e1 que ser aprobado por Turismo y Deportes para luego ser remitido a Salud y que la cartera encabezada por Gin\u00e9s Gonz\u00e1lez Garc\u00eda d\u00e9 el visto bueno. Reci\u00e9n ah\u00ed, la Liga Nacional podr\u00eda volver a picar la pelota.<\/p>\n","protected":false},"excerpt":{"rendered":"<p>La Liga Nacional de B\u00e1squet qued\u00f3 oficialmente suspendida de manera provisoria, luego del brote de contagios de Covid-19<\/p>\n","protected":false},"author":2,"featured_media":1030,"comment_status":"open","ping_status":"open","sticky":false,"template":"","format":"standard","meta":{"footnotes":""},"categories":[1],"tags":[],"class_list":["post-9049","post","type-post","status-publish","format-standard","has-post-thumbnail","hentry","category-sin-categoria"],"_links":{"self":[{"href":"http:\/\/zonade3.com.ar\/blog\/wp-json\/wp\/v2\/posts\/9049","targetHints":{"allow":["GET"]}}],"collection":[{"href":"http:\/\/zonade3.com.ar\/blog\/wp-json\/wp\/v2\/posts"}],"about":[{"href":"http:\/\/zonade3.com.ar\/blog\/wp-json\/wp\/v2\/types\/post"}],"author":[{"embeddable":true,"href":"http:\/\/zonade3.com.ar\/blog\/wp-json\/wp\/v2\/users\/2"}],"replies":[{"embeddable":true,"href":"http:\/\/zonade3.com.ar\/blog\/wp-json\/wp\/v2\/comments?post=9049"}],"version-history":[{"count":1,"href":"http:\/\/zonade3.com.ar\/blog\/wp-json\/wp\/v2\/posts\/9049\/revisions"}],"predecessor-version":[{"id":9050,"href":"http:\/\/zonade3.com.ar\/blog\/wp-json\/wp\/v2\/posts\/9049\/revisions\/9050"}],"wp:featuredmedia":[{"embeddable":true,"href":"http:\/\/zonade3.com.ar\/blog\/wp-json\/wp\/v2\/media\/1030"}],"wp:attachment":[{"href":"http:\/\/zonade3.com.ar\/blog\/wp-json\/wp\/v2\/media?parent=9049"}],"wp:term":[{"taxonomy":"category","embeddable":true,"href":"http:\/\/zonade3.com.ar\/blog\/wp-json\/wp\/v2\/categories?post=9049"},{"taxonomy":"post_tag","embeddable":true,"href":"http:\/\/zonade3.com.ar\/blog\/wp-json\/wp\/v2\/tags?post=9049"}],"curies":[{"name":"wp","href":"https:\/\/api.w.org\/{rel}","templated":true}]}}