{"id":9054,"date":"2020-11-21T18:27:56","date_gmt":"2020-11-21T18:27:56","guid":{"rendered":"http:\/\/zonade3.com.ar.ar\/blog\/?p=9054"},"modified":"2020-11-21T18:27:56","modified_gmt":"2020-11-21T18:27:56","slug":"liga-argentina-tiro-federal-comienza-el-7-de-diciembre","status":"publish","type":"post","link":"http:\/\/zonade3.com.ar\/blog\/liga-argentina-tiro-federal-comienza-el-7-de-diciembre\/","title":{"rendered":"Liga Argentina: Tiro Federal comienza el 7 de diciembre"},"content":{"rendered":"<p>El pr\u00f3ximo 7 de diciembre los componentes del plantel de Tiro Federal inician los entrenamientos para la pr\u00f3xima temporada de la Liga Argentina de b\u00e1squet bajo las \u00f3rdenes del entrenador Gustavo Lucato.<br \/>\nConsultado sobre las expectativas para la temporada que iniciar\u00e1 en el 2021, el Coordinador Deportivo Damian Borgogno, destac\u00f3 que \u201ces seguir sosteniendo la categor\u00eda en la ciudad, este es nuestro gran objetivo\u201d, al tiempo que resalt\u00f3 la importancia de \u201cmejorar la estructura de trabajo para que los entrenadores se sientan c\u00f3modos a la hora de trabajar, teniendo todo a su alcance\u201d.<br \/>\nPor otro lado record\u00f3: \u201ccontamos con un grupo nuevo de jugadores que comenzar\u00e1n a llegar a nuestra ciudad el 5 de diciembre\u201d<br \/>\nPor \u00faltimo, resalt\u00f3 que \u201cel club acompa\u00f1a este proceso y todos estamos muy entusiasmados con la temporada 2021\u201d.<\/p>\n","protected":false},"excerpt":{"rendered":"<p>El pr\u00f3ximo 7 de diciembre los componentes del plantel de Tiro Federal inician los entrenamientos para la pr\u00f3xima<\/p>\n","protected":false},"author":2,"featured_media":9055,"comment_status":"open","ping_status":"open","sticky":false,"template":"","format":"standard","meta":{"footnotes":""},"categories":[1],"tags":[],"class_list":["post-9054","post","type-post","status-publish","format-standard","has-post-thumbnail","hentry","category-sin-categoria"],"_links":{"self":[{"href":"http:\/\/zonade3.com.ar\/blog\/wp-json\/wp\/v2\/posts\/9054","targetHints":{"allow":["GET"]}}],"collection":[{"href":"http:\/\/zonade3.com.ar\/blog\/wp-json\/wp\/v2\/posts"}],"about":[{"href":"http:\/\/zonade3.com.ar\/blog\/wp-json\/wp\/v2\/types\/post"}],"author":[{"embeddable":true,"href":"http:\/\/zonade3.com.ar\/blog\/wp-json\/wp\/v2\/users\/2"}],"replies":[{"embeddable":true,"href":"http:\/\/zonade3.com.ar\/blog\/wp-json\/wp\/v2\/comments?post=9054"}],"version-history":[{"count":1,"href":"http:\/\/zonade3.com.ar\/blog\/wp-json\/wp\/v2\/posts\/9054\/revisions"}],"predecessor-version":[{"id":9056,"href":"http:\/\/zonade3.com.ar\/blog\/wp-json\/wp\/v2\/posts\/9054\/revisions\/9056"}],"wp:featuredmedia":[{"embeddable":true,"href":"http:\/\/zonade3.com.ar\/blog\/wp-json\/wp\/v2\/media\/9055"}],"wp:attachment":[{"href":"http:\/\/zonade3.com.ar\/blog\/wp-json\/wp\/v2\/media?parent=9054"}],"wp:term":[{"taxonomy":"category","embeddable":true,"href":"http:\/\/zonade3.com.ar\/blog\/wp-json\/wp\/v2\/categories?post=9054"},{"taxonomy":"post_tag","embeddable":true,"href":"http:\/\/zonade3.com.ar\/blog\/wp-json\/wp\/v2\/tags?post=9054"}],"curies":[{"name":"wp","href":"https:\/\/api.w.org\/{rel}","templated":true}]}}