{"id":9059,"date":"2020-11-23T14:10:36","date_gmt":"2020-11-23T14:10:36","guid":{"rendered":"http:\/\/zonade3.com.ar.ar\/blog\/?p=9059"},"modified":"2020-11-23T14:10:36","modified_gmt":"2020-11-23T14:10:36","slug":"torneo-federal-los-clubes-de-la-region-centro-exigen-definiciones","status":"publish","type":"post","link":"http:\/\/zonade3.com.ar\/blog\/torneo-federal-los-clubes-de-la-region-centro-exigen-definiciones\/","title":{"rendered":"Torneo Federal: los clubes de la Regi\u00f3n Centro exigen definiciones"},"content":{"rendered":"<p>En los \u00faltimos d\u00edas, los clubes de la Regi\u00f3n Centro del Torneo Federal elevaron a la CABB y a su presidente Fabi\u00e1n Borro un petitorio para pedir definiciones ante la incertidumbre del futuro de la competencia.<br \/>\nEn el texto refiere que \u00abel motivo que nos invoca hacerle llegar por la presente, es<strong> Ia incertidumbre y Ia falta de definiciones de la Confederaci\u00f3n en lo que respecta a Ia pr\u00f3xima temporada,<\/strong> sobre todo, en cuestiones en que Ia Pandemia reinante nos genera condicionamientos para la toma de decisiones y que tener certezas ser\u00eda de gran ayuda para los clubes, ya que nos permitir\u00eda tomar decisiones para ir organiz\u00e1ndonos tanto desde el punto de vista deportivo coma econ\u00f3mico.<br \/>\nA continuaci\u00f3n pasamos a detallar los puntos que consideramos de suma importancia y que son necesarios se resuelvan a la mayor brevedad posible:<br \/>\nA)<strong> Fichas:<\/strong> determinar la cantidad de fichas mayores, U23, U21 y juveniles<br \/>\nque puedan integrar cada plantel.<br \/>\nB)<strong> Pre inscripci\u00f3n:<\/strong> abrir esta etapa para determinar Ia cantidad de equipos<br \/>\nque tienen real inter\u00e9s de participar en el pr\u00f3ximo Torneo.<br \/>\nC) <strong>Zonas o Regionalizaci\u00f3n:<\/strong> con la etapa anterior finiquitada se podr\u00e1<br \/>\ndeterminar a priori las distintas Divisiones del torneo.<br \/>\nD)<strong> Jugar con y sin p\u00fablico<\/strong><\/p>\n","protected":false},"excerpt":{"rendered":"<p>En los \u00faltimos d\u00edas, los clubes de la Regi\u00f3n Centro del Torneo Federal elevaron a la CABB y<\/p>\n","protected":false},"author":2,"featured_media":306,"comment_status":"open","ping_status":"open","sticky":false,"template":"","format":"standard","meta":{"footnotes":""},"categories":[1],"tags":[],"class_list":["post-9059","post","type-post","status-publish","format-standard","has-post-thumbnail","hentry","category-sin-categoria"],"_links":{"self":[{"href":"http:\/\/zonade3.com.ar\/blog\/wp-json\/wp\/v2\/posts\/9059","targetHints":{"allow":["GET"]}}],"collection":[{"href":"http:\/\/zonade3.com.ar\/blog\/wp-json\/wp\/v2\/posts"}],"about":[{"href":"http:\/\/zonade3.com.ar\/blog\/wp-json\/wp\/v2\/types\/post"}],"author":[{"embeddable":true,"href":"http:\/\/zonade3.com.ar\/blog\/wp-json\/wp\/v2\/users\/2"}],"replies":[{"embeddable":true,"href":"http:\/\/zonade3.com.ar\/blog\/wp-json\/wp\/v2\/comments?post=9059"}],"version-history":[{"count":1,"href":"http:\/\/zonade3.com.ar\/blog\/wp-json\/wp\/v2\/posts\/9059\/revisions"}],"predecessor-version":[{"id":9060,"href":"http:\/\/zonade3.com.ar\/blog\/wp-json\/wp\/v2\/posts\/9059\/revisions\/9060"}],"wp:featuredmedia":[{"embeddable":true,"href":"http:\/\/zonade3.com.ar\/blog\/wp-json\/wp\/v2\/media\/306"}],"wp:attachment":[{"href":"http:\/\/zonade3.com.ar\/blog\/wp-json\/wp\/v2\/media?parent=9059"}],"wp:term":[{"taxonomy":"category","embeddable":true,"href":"http:\/\/zonade3.com.ar\/blog\/wp-json\/wp\/v2\/categories?post=9059"},{"taxonomy":"post_tag","embeddable":true,"href":"http:\/\/zonade3.com.ar\/blog\/wp-json\/wp\/v2\/tags?post=9059"}],"curies":[{"name":"wp","href":"https:\/\/api.w.org\/{rel}","templated":true}]}}