{"id":9068,"date":"2020-12-01T17:22:48","date_gmt":"2020-12-01T17:22:48","guid":{"rendered":"http:\/\/zonade3.com.ar.ar\/blog\/?p=9068"},"modified":"2020-12-01T17:22:48","modified_gmt":"2020-12-01T17:22:48","slug":"fassetta-no-sigue-en-centro-social","status":"publish","type":"post","link":"http:\/\/zonade3.com.ar\/blog\/fassetta-no-sigue-en-centro-social\/","title":{"rendered":"Fassetta no sigue en Centro Social"},"content":{"rendered":"<p>Luego de dos a\u00f1os de trabajo, Mariano Fassetta no continuar\u00e1 al mando de Centro Social de Brinkmann. El entrenador sanfrancisque\u00f1o esperar\u00e1 para tomas nuevas decisiones en relaci\u00f3n al b\u00e1squet.<br \/>\nLa pandemia y toda su incertidumbre modificaron los planes de muchos. En el deporte a\u00fan m\u00e1s por el extenso \u201cparate\u201d que ya lleva m\u00e1s de ocho meses sin competencias oficiales.<br \/>\n\u201cEn las \u00faltimas horas he tomado la decisi\u00f3n de no continuar como entrenador del Club Centro Social y Deportivo Brinkmann\u201d, public\u00f3 en sus redes sociales el coach. A la vez que ampli\u00f3: \u201cEn primer lugar quiero agradecer profundamente a los dirigentes por la comprensi\u00f3n, la confianza y el apoyo permanente brindado durante todo este tiempo. Agradecerles adem\u00e1s por la oportunidad de haberme permitido trabajar en una instituci\u00f3n que, por organizaci\u00f3n y crecimiento es un ejemplo en la regi\u00f3n y en el pa\u00eds, el cual me permiti\u00f3 formarme no solo como profesional sino tambi\u00e9n como persona. Ha sido un a\u00f1o muy particular y dif\u00edcil para todos. Este contexto nos ha llevado a reflexionar y tomar decisiones personales que siempre va de la mano con las prioridades y pasiones con la que nos proyectamos en la vida\u201d, explic\u00f3.<br \/>\nPor \u00faltimo dijo: \u201cSeguramente los caminos del deporte y del b\u00e1squet nos volver\u00e1n a cruzar\u201d.<\/p>\n","protected":false},"excerpt":{"rendered":"<p>Luego de dos a\u00f1os de trabajo, Mariano Fassetta no continuar\u00e1 al mando de Centro Social de Brinkmann. El<\/p>\n","protected":false},"author":2,"featured_media":9069,"comment_status":"open","ping_status":"open","sticky":false,"template":"","format":"standard","meta":{"footnotes":""},"categories":[1],"tags":[],"class_list":["post-9068","post","type-post","status-publish","format-standard","has-post-thumbnail","hentry","category-sin-categoria"],"_links":{"self":[{"href":"http:\/\/zonade3.com.ar\/blog\/wp-json\/wp\/v2\/posts\/9068","targetHints":{"allow":["GET"]}}],"collection":[{"href":"http:\/\/zonade3.com.ar\/blog\/wp-json\/wp\/v2\/posts"}],"about":[{"href":"http:\/\/zonade3.com.ar\/blog\/wp-json\/wp\/v2\/types\/post"}],"author":[{"embeddable":true,"href":"http:\/\/zonade3.com.ar\/blog\/wp-json\/wp\/v2\/users\/2"}],"replies":[{"embeddable":true,"href":"http:\/\/zonade3.com.ar\/blog\/wp-json\/wp\/v2\/comments?post=9068"}],"version-history":[{"count":1,"href":"http:\/\/zonade3.com.ar\/blog\/wp-json\/wp\/v2\/posts\/9068\/revisions"}],"predecessor-version":[{"id":9070,"href":"http:\/\/zonade3.com.ar\/blog\/wp-json\/wp\/v2\/posts\/9068\/revisions\/9070"}],"wp:featuredmedia":[{"embeddable":true,"href":"http:\/\/zonade3.com.ar\/blog\/wp-json\/wp\/v2\/media\/9069"}],"wp:attachment":[{"href":"http:\/\/zonade3.com.ar\/blog\/wp-json\/wp\/v2\/media?parent=9068"}],"wp:term":[{"taxonomy":"category","embeddable":true,"href":"http:\/\/zonade3.com.ar\/blog\/wp-json\/wp\/v2\/categories?post=9068"},{"taxonomy":"post_tag","embeddable":true,"href":"http:\/\/zonade3.com.ar\/blog\/wp-json\/wp\/v2\/tags?post=9068"}],"curies":[{"name":"wp","href":"https:\/\/api.w.org\/{rel}","templated":true}]}}